{"id":31369,"date":"2020-12-16T22:03:03","date_gmt":"2020-12-17T01:03:03","guid":{"rendered":"https:\/\/www.portalalerta.com.br\/?p=31369"},"modified":"2020-12-16T22:03:03","modified_gmt":"2020-12-17T01:03:03","slug":"candidatos-eleitos-em-itapicuru-ba-serao-diplomados-nesta-quinta-feira-17","status":"publish","type":"post","link":"https:\/\/www.portalalerta.com.br\/index.php\/2020\/12\/16\/candidatos-eleitos-em-itapicuru-ba-serao-diplomados-nesta-quinta-feira-17\/","title":{"rendered":"Candidatos eleitos em Itapicuru-BA ser\u00e3o diplomados nesta quinta-feira (17)"},"content":{"rendered":"<p style=\"text-align: justify;\">Os candidatos eleitos no pleito 2020, ser\u00e3o diplomados nesta quinta-feira (17), em Itapicuru.\u00a0Em virtude da pandemia do Covid-19 n\u00e3o haver\u00e1 Cerim\u00f4nia de Diploma\u00e7\u00e3o.\u00a0<!--more--><\/p>\n<p style=\"text-align: justify;\"><img fetchpriority=\"high\" decoding=\"async\" class=\"size-thumbnail wp-image-9394 alignleft\" src=\"https:\/\/www.portalalerta.com.br\/wp-content\/uploads\/2018\/07\/05elab-320x240.jpg\" alt=\"\" width=\"320\" height=\"240\" srcset=\"https:\/\/www.portalalerta.com.br\/wp-content\/uploads\/2018\/07\/05elab-320x240.jpg 320w, https:\/\/www.portalalerta.com.br\/wp-content\/uploads\/2018\/07\/05elab-195x146.jpg 195w, https:\/\/www.portalalerta.com.br\/wp-content\/uploads\/2018\/07\/05elab-50x38.jpg 50w, https:\/\/www.portalalerta.com.br\/wp-content\/uploads\/2018\/07\/05elab-100x75.jpg 100w, https:\/\/www.portalalerta.com.br\/wp-content\/uploads\/2018\/07\/05elab.jpg 400w\" sizes=\"(max-width: 320px) 100vw, 320px\" \/>De acordo com o Cart\u00f3rio Eleitoral da 81\u00aa Zona, os eleitos dever\u00e3o realizar o agendamento pr\u00e9vio por meio do e-mail\u00a0zona081@tre-ba.jus.br ou pelo telefone (75) 3436-1174.<\/p>\n<p style=\"text-align: justify;\">A diploma\u00e7\u00e3o ser\u00e1 para os cargos de prefeito, vice-prefeito, vereadores e suplentes.<\/p>\n<p style=\"text-align: justify;\">Confira <a href=\"http:\/\/portalalerta.com.br\/index.php\/2020\/11\/17\/em-votacao-recorde-moreira-e-eleito-prefeito-de-itapicuru-ba\/\"><strong>AQUI<\/strong> <\/a>o resultado das elei\u00e7\u00f5es para\u00a0prefeito\u00a0e\u00a0vereadores\u00a0em Itapicuru.<\/p>\n<p style=\"text-align: justify;\"><em>Fonte: Itapicuru Not\u00edcias<\/em><\/p>\n","protected":false},"excerpt":{"rendered":"<p>Os candidatos eleitos no pleito 2020, ser\u00e3o diplomados nesta quinta-feira (17), em Itapicuru.\u00a0Em virtude da pandemia do Covid-19 n\u00e3o haver\u00e1 Cerim\u00f4nia de Diploma\u00e7\u00e3o.\u00a0<\/p>\n","protected":false},"author":2,"featured_media":30082,"comment_status":"open","ping_status":"open","sticky":false,"template":"","format":"standard","meta":{"om_disable_all_campaigns":false,"_monsterinsights_skip_tracking":false,"_monsterinsights_sitenote_active":false,"_monsterinsights_sitenote_note":"","_monsterinsights_sitenote_category":0,"footnotes":""},"categories":[70,18,69,21,32],"tags":[100,71,48,49,75,45,46,1211,3215,1661,129,107,44,132,230,3828,106,203,120,51,198,109,88,47,111,190,135],"class_list":["post-31369","post","type-post","status-publish","format-standard","has-post-thumbnail","hentry","category-destaques","category-itapicuru","category-noticias2","category-politica","category-regiao","tag-adustina","tag-antas","tag-araci","tag-banzae","tag-cicero-dantas","tag-cipo","tag-crisopolis","tag-diplomacao","tag-eleicoes-2020","tag-eleitos","tag-euclides-da-cunha","tag-fatima","tag-heliopolis","tag-itapicuru","tag-jeremoabo","tag-noticias","tag-nova-soure","tag-novo-triunfo","tag-olindina","tag-paripiranga","tag-prefeito","tag-quijingue","tag-ribeira-do-amparo","tag-ribeira-do-pombal","tag-sitio-do-quinto","tag-tucano","tag-vereadores"],"aioseo_notices":[],"_links":{"self":[{"href":"https:\/\/www.portalalerta.com.br\/index.php\/wp-json\/wp\/v2\/posts\/31369","targetHints":{"allow":["GET"]}}],"collection":[{"href":"https:\/\/www.portalalerta.com.br\/index.php\/wp-json\/wp\/v2\/posts"}],"about":[{"href":"https:\/\/www.portalalerta.com.br\/index.php\/wp-json\/wp\/v2\/types\/post"}],"author":[{"embeddable":true,"href":"https:\/\/www.portalalerta.com.br\/index.php\/wp-json\/wp\/v2\/users\/2"}],"replies":[{"embeddable":true,"href":"https:\/\/www.portalalerta.com.br\/index.php\/wp-json\/wp\/v2\/comments?post=31369"}],"version-history":[{"count":1,"href":"https:\/\/www.portalalerta.com.br\/index.php\/wp-json\/wp\/v2\/posts\/31369\/revisions"}],"predecessor-version":[{"id":31370,"href":"https:\/\/www.portalalerta.com.br\/index.php\/wp-json\/wp\/v2\/posts\/31369\/revisions\/31370"}],"wp:featuredmedia":[{"embeddable":true,"href":"https:\/\/www.portalalerta.com.br\/index.php\/wp-json\/wp\/v2\/media\/30082"}],"wp:attachment":[{"href":"https:\/\/www.portalalerta.com.br\/index.php\/wp-json\/wp\/v2\/media?parent=31369"}],"wp:term":[{"taxonomy":"category","embeddable":true,"href":"https:\/\/www.portalalerta.com.br\/index.php\/wp-json\/wp\/v2\/categories?post=31369"},{"taxonomy":"post_tag","embeddable":true,"href":"https:\/\/www.portalalerta.com.br\/index.php\/wp-json\/wp\/v2\/tags?post=31369"}],"curies":[{"name":"wp","href":"https:\/\/api.w.org\/{rel}","templated":true}]}}