{"id":31377,"date":"2020-12-18T12:26:52","date_gmt":"2020-12-18T15:26:52","guid":{"rendered":"https:\/\/www.portalalerta.com.br\/?p=31377"},"modified":"2020-12-18T12:33:07","modified_gmt":"2020-12-18T15:33:07","slug":"videos-deputada-isa-penna-denuncia-assedio-sexual-em-sessao-da-alesp","status":"publish","type":"post","link":"https:\/\/www.portalalerta.com.br\/index.php\/2020\/12\/18\/videos-deputada-isa-penna-denuncia-assedio-sexual-em-sessao-da-alesp\/","title":{"rendered":"V\u00eddeos: Deputada Isa Penna denuncia ass\u00e9dio sexual em sess\u00e3o da Alesp"},"content":{"rendered":"<p style=\"text-align: justify;\">A deputada estadual por\u00a0S\u00e3o Paulo\u00a0Isa Penna (PSOL) denunciou ter sofrido ass\u00e9dio sexual cometido pelo tamb\u00e9m deputado estadual Fernando Cury (Cidadania).<!--more--><\/p>\n<p style=\"text-align: justify;\">Um v\u00eddeo gravado pela c\u00e2mera da Alesp (Assembleia Legislativa de S\u00e3o Paulo), durante a sess\u00e3o extraordin\u00e1ria na noite de quarta-feira (16), mostra o parlamentar se aproximando por tr\u00e1s da deputada e passando a m\u00e3o em seu seio.<\/p>\n<p style=\"text-align: justify;\">As imagens mostram que Cury conversa com outro deputado e faz men\u00e7\u00e3o de se dirigir at\u00e9 onde est\u00e1 Isa Penna, apoiada na bancada conversando com o presidente da Alesp, Cau\u00ea Macris (PSDB). Cury retorna a conversar com o colega e vai at\u00e9 Isa. Nesse momento, \u00e9 poss\u00edvel ver que o parlamentar que fala com Cury tenta segur\u00e1-lo pelo bra\u00e7o.<\/p>\n<p style=\"text-align: justify;\">Ele ent\u00e3o caminha em dire\u00e7\u00e3o \u00e0 deputada, se aproxima por tr\u00e1s e coloca a m\u00e3o direita na lateral de seu seio, enquanto dirige a palavra a Macris. O deputado ainda desliza a mesma m\u00e3o pela cintura da parlamentar.<\/p>\n<p style=\"text-align: justify;\">Imediatamente, Isa afasta a m\u00e3o dele e o confronta. Enquanto discutem, Cury tenta novamente colocar a m\u00e3o no ombro esquerdo da parlamentar, mas \u00e9 de novo repelido por ela. Os dois ainda conversam por mais alguns momentos, e depois Cury se afasta.<\/p>\n<p style=\"text-align: justify;\"><iframe title=\"Deputada Isa Penna \u00e9 assediada pelo deputado Fernando Cury na Alesp\" width=\"500\" height=\"281\" src=\"https:\/\/www.youtube.com\/embed\/Sx-XtoB2l0k?feature=oembed\" frameborder=\"0\" allow=\"accelerometer; autoplay; clipboard-write; encrypted-media; gyroscope; picture-in-picture; web-share\" referrerpolicy=\"strict-origin-when-cross-origin\" allowfullscreen><\/iframe><\/p>\n<p style=\"text-align: justify;\">Fui assediada publicamente pelo deputado Fernando Cury (PPS) em meio \u00e0 vota\u00e7\u00e3o do or\u00e7amento do Estado na ALESP, na noite de ontem (16), durante a 65\u00aa Sess\u00e3o Plen\u00e1ria Extraordin\u00e1ria da casa.<\/p>\n<p style=\"text-align: justify;\">\u2014 Deputada Isa Penna (@IsaPennaPsol)\u00a0<a href=\"https:\/\/twitter.com\/IsaPennaPsol\/status\/1339681719344111620?ref_src=twsrc%5Etfw\">December 17, 2020<\/a><\/p>\n<p style=\"text-align: justify;\">Isa afirmou, nas redes sociais, que registrou na Pol\u00edcia Civil um boletim de ocorr\u00eancia por ass\u00e9dio sexual e protocolou uma den\u00fancia formal por quebra de decoro contra Cury no Conselho de \u00c9tica da Alesp.<\/p>\n<div data-mvc-banner=\"leaderboard\"><\/div>\n<p><script type=\"text\/javascript\"> (function(storeName) { var b = document.createElement('script'); b.type = 'text\/javascript'; b.async = true; b.src = 'https:\/\/www.magazinevoce.com.br\/js\/banner.js?store='+ storeName; var s = document.getElementsByTagName('script')[0]; s.parentNode.insertBefore(b, s); })('Nvscosta'); <\/script><\/p>\n<p style=\"text-align: justify;\">Ainda segundo a parlamentar, conhecida por atuar em prol do combate \u00e0 viol\u00eancia contra as mulheres, esse n\u00e3o \u00e9 foi caso excepcional. \u201cMinhas amigas e colegas de partido Erika Malunguinho e M\u00f4nica Seixas j\u00e1 foram assediadas em ocasi\u00f5es anteriores\u201d, relata ela.<\/p>\n<p style=\"text-align: justify;\">A parlamentar tamb\u00e9m usou o plen\u00e1rio da Alesp nesta quinta-feira (17) para denunciar o ass\u00e9dio sofrido:<\/p>\n<p style=\"text-align: justify;\">https:\/\/www.youtube.com\/watch?v=xG322jwCCwU&#038;feature=emb_title<\/p>\n<p style=\"text-align: justify;\">Na den\u00fancia enviada ao Conselho de \u00c9tica e Decoro, Isa Penna acusa Cury de importuna\u00e7\u00e3o sexual e quebra de decoro e afirma que &#8220;n\u00e3o deu consenso para a aproxima\u00e7\u00e3o&#8221; e que o ato se trata de &#8220;n\u00edtido intuito libidinoso&#8221;.<\/p>\n<p style=\"text-align: justify;\">&#8220;Parece que o agressor desconhece e, por isso, faz-se necess\u00e1rio afirmar que o corpo de toda e qualquer pessoa \u00e9 de seu estritlo controle e que, portanto, qualquer contato deve ser consentido expressamente. Ao fazer contato com as regi\u00f5es de maior intimidade resta inquestion\u00e1vel o ass\u00e9dio sexual&#8221;, diz o documento, segundo o Globo.<\/p>\n<p style=\"text-align: justify;\">O\u00a0<strong><em>Yahoo Not\u00edcias!<\/em><\/strong>\u00a0entrou em contato com o parlamentar e aguarda o posicionamento.<\/p>\n<p style=\"text-align: justify;\"><em>Fonte: Yahoo Not\u00edcias <\/em><\/p>\n","protected":false},"excerpt":{"rendered":"<p>A deputada estadual por\u00a0S\u00e3o Paulo\u00a0Isa Penna (PSOL) denunciou ter sofrido ass\u00e9dio sexual cometido pelo tamb\u00e9m deputado estadual Fernando Cury (Cidadania).<\/p>\n","protected":false},"author":2,"featured_media":31378,"comment_status":"open","ping_status":"open","sticky":false,"template":"","format":"standard","meta":{"om_disable_all_campaigns":false,"_monsterinsights_skip_tracking":false,"_monsterinsights_sitenote_active":false,"_monsterinsights_sitenote_note":"","_monsterinsights_sitenote_category":0,"footnotes":""},"categories":[34,70,69,21,22,68],"tags":[100,4081,71,48,681,49,93,75,45,46,129,107,4083,44,4082,132,230,3828,106,203,120,51,109,88,47,404,111,190],"class_list":["post-31377","post","type-post","status-publish","format-standard","has-post-thumbnail","hentry","category-brasil","category-destaques","category-noticias2","category-politica","category-seguranca","category-videos","tag-adustina","tag-alesp","tag-antas","tag-araci","tag-assedio-sexual","tag-banzae","tag-brasil","tag-cicero-dantas","tag-cipo","tag-crisopolis","tag-euclides-da-cunha","tag-fatima","tag-fernando-cury","tag-heliopolis","tag-isa-penna","tag-itapicuru","tag-jeremoabo","tag-noticias","tag-nova-soure","tag-novo-triunfo","tag-olindina","tag-paripiranga","tag-quijingue","tag-ribeira-do-amparo","tag-ribeira-do-pombal","tag-sao-paulo","tag-sitio-do-quinto","tag-tucano"],"aioseo_notices":[],"_links":{"self":[{"href":"https:\/\/www.portalalerta.com.br\/index.php\/wp-json\/wp\/v2\/posts\/31377","targetHints":{"allow":["GET"]}}],"collection":[{"href":"https:\/\/www.portalalerta.com.br\/index.php\/wp-json\/wp\/v2\/posts"}],"about":[{"href":"https:\/\/www.portalalerta.com.br\/index.php\/wp-json\/wp\/v2\/types\/post"}],"author":[{"embeddable":true,"href":"https:\/\/www.portalalerta.com.br\/index.php\/wp-json\/wp\/v2\/users\/2"}],"replies":[{"embeddable":true,"href":"https:\/\/www.portalalerta.com.br\/index.php\/wp-json\/wp\/v2\/comments?post=31377"}],"version-history":[{"count":2,"href":"https:\/\/www.portalalerta.com.br\/index.php\/wp-json\/wp\/v2\/posts\/31377\/revisions"}],"predecessor-version":[{"id":31380,"href":"https:\/\/www.portalalerta.com.br\/index.php\/wp-json\/wp\/v2\/posts\/31377\/revisions\/31380"}],"wp:featuredmedia":[{"embeddable":true,"href":"https:\/\/www.portalalerta.com.br\/index.php\/wp-json\/wp\/v2\/media\/31378"}],"wp:attachment":[{"href":"https:\/\/www.portalalerta.com.br\/index.php\/wp-json\/wp\/v2\/media?parent=31377"}],"wp:term":[{"taxonomy":"category","embeddable":true,"href":"https:\/\/www.portalalerta.com.br\/index.php\/wp-json\/wp\/v2\/categories?post=31377"},{"taxonomy":"post_tag","embeddable":true,"href":"https:\/\/www.portalalerta.com.br\/index.php\/wp-json\/wp\/v2\/tags?post=31377"}],"curies":[{"name":"wp","href":"https:\/\/api.w.org\/{rel}","templated":true}]}}