{"id":31384,"date":"2020-12-18T12:51:13","date_gmt":"2020-12-18T15:51:13","guid":{"rendered":"https:\/\/www.portalalerta.com.br\/?p=31384"},"modified":"2020-12-18T12:51:13","modified_gmt":"2020-12-18T15:51:13","slug":"maioria-do-stf-vota-por-medidas-restritivas-a-quem-nao-tomar-vacina-contra-covid-19","status":"publish","type":"post","link":"https:\/\/www.portalalerta.com.br\/index.php\/2020\/12\/18\/maioria-do-stf-vota-por-medidas-restritivas-a-quem-nao-tomar-vacina-contra-covid-19\/","title":{"rendered":"Maioria do STF vota por medidas restritivas a quem n\u00e3o tomar vacina contra Covid-19"},"content":{"rendered":"<p style=\"text-align: justify;\">A maioria dos ministros do Supremo Tribunal Federal (STF) votou para que a obrigatoriedade da vacina contra a Covid-19 seja imposta de forma indireta, a partir de san\u00e7\u00f5es.\u00a0<!--more--><\/p>\n<p style=\"text-align: justify;\">&#8220;Ningu\u00e9m vai arrastar ningu\u00e9m pelos cabelos para tomar vacina&#8221;, disse o ministro Luiz Fux, que ainda n\u00e3o votou, durante o julgamento.<\/p>\n<p style=\"text-align: justify;\"><img fetchpriority=\"high\" decoding=\"async\" class=\"size-thumbnail wp-image-4869 aligncenter\" src=\"https:\/\/www.portalalerta.com.br\/wp-content\/uploads\/2018\/02\/Auto-Escola-Nobre-720x181.jpg\" alt=\"\" width=\"720\" height=\"181\" srcset=\"https:\/\/www.portalalerta.com.br\/wp-content\/uploads\/2018\/02\/Auto-Escola-Nobre.jpg 720w, https:\/\/www.portalalerta.com.br\/wp-content\/uploads\/2018\/02\/Auto-Escola-Nobre-260x65.jpg 260w, https:\/\/www.portalalerta.com.br\/wp-content\/uploads\/2018\/02\/Auto-Escola-Nobre-50x13.jpg 50w, https:\/\/www.portalalerta.com.br\/wp-content\/uploads\/2018\/02\/Auto-Escola-Nobre-150x38.jpg 150w\" sizes=\"(max-width: 720px) 100vw, 720px\" \/>Seis dos onze ministros votaram a favor de medidas restritivas para quem se recusar a ser imunizado contra a Covid-19, como ser impedido de frequentar\u00a0escolas e transporte p\u00fablico, de acordo com previs\u00e3o em lei.<\/p>\n<p style=\"text-align: justify;\">O plen\u00e1rio do STF\u00a0come\u00e7ou a analisar nesta quinta-feira (17) duas a\u00e7\u00f5es que tratam da possibilidade de os governos federal, estaduais e municipais decidirem sobre a vacina\u00e7\u00e3o compuls\u00f3ria da popula\u00e7\u00e3o contra o coronav\u00edrus.<\/p>\n<p style=\"text-align: justify;\">Votaram nesse sentido os ministros Ricardo Lewandowski, Lu\u00eds Roberto Barroso, Kassio Nunes Marques, Alexandre de Moraes, Edson Fachin e Rosa Weber. Outros cinco ministros ainda v\u00e3o se manifestar.<\/p>\n<p style=\"text-align: justify;\"><em>Fonte: Metro1<\/em><\/p>\n","protected":false},"excerpt":{"rendered":"<p>A maioria dos ministros do Supremo Tribunal Federal (STF) votou para que a obrigatoriedade da vacina contra a Covid-19 seja imposta de forma indireta, a partir de san\u00e7\u00f5es.\u00a0<\/p>\n","protected":false},"author":2,"featured_media":22407,"comment_status":"open","ping_status":"open","sticky":false,"template":"","format":"standard","meta":{"om_disable_all_campaigns":false,"_monsterinsights_skip_tracking":false,"_monsterinsights_sitenote_active":false,"_monsterinsights_sitenote_note":"","_monsterinsights_sitenote_category":0,"footnotes":""},"categories":[34,70,69,19],"tags":[100,71,48,49,93,75,45,3429,3486,46,129,107,44,132,230,3828,106,203,120,51,109,88,47,61,111,216,190,3570],"class_list":["post-31384","post","type-post","status-publish","format-standard","has-post-thumbnail","hentry","category-brasil","category-destaques","category-noticias2","category-saude","tag-adustina","tag-antas","tag-araci","tag-banzae","tag-brasil","tag-cicero-dantas","tag-cipo","tag-coronavirus","tag-covid-19","tag-crisopolis","tag-euclides-da-cunha","tag-fatima","tag-heliopolis","tag-itapicuru","tag-jeremoabo","tag-noticias","tag-nova-soure","tag-novo-triunfo","tag-olindina","tag-paripiranga","tag-quijingue","tag-ribeira-do-amparo","tag-ribeira-do-pombal","tag-saude","tag-sitio-do-quinto","tag-stf","tag-tucano","tag-vacina"],"aioseo_notices":[],"_links":{"self":[{"href":"https:\/\/www.portalalerta.com.br\/index.php\/wp-json\/wp\/v2\/posts\/31384","targetHints":{"allow":["GET"]}}],"collection":[{"href":"https:\/\/www.portalalerta.com.br\/index.php\/wp-json\/wp\/v2\/posts"}],"about":[{"href":"https:\/\/www.portalalerta.com.br\/index.php\/wp-json\/wp\/v2\/types\/post"}],"author":[{"embeddable":true,"href":"https:\/\/www.portalalerta.com.br\/index.php\/wp-json\/wp\/v2\/users\/2"}],"replies":[{"embeddable":true,"href":"https:\/\/www.portalalerta.com.br\/index.php\/wp-json\/wp\/v2\/comments?post=31384"}],"version-history":[{"count":1,"href":"https:\/\/www.portalalerta.com.br\/index.php\/wp-json\/wp\/v2\/posts\/31384\/revisions"}],"predecessor-version":[{"id":31385,"href":"https:\/\/www.portalalerta.com.br\/index.php\/wp-json\/wp\/v2\/posts\/31384\/revisions\/31385"}],"wp:featuredmedia":[{"embeddable":true,"href":"https:\/\/www.portalalerta.com.br\/index.php\/wp-json\/wp\/v2\/media\/22407"}],"wp:attachment":[{"href":"https:\/\/www.portalalerta.com.br\/index.php\/wp-json\/wp\/v2\/media?parent=31384"}],"wp:term":[{"taxonomy":"category","embeddable":true,"href":"https:\/\/www.portalalerta.com.br\/index.php\/wp-json\/wp\/v2\/categories?post=31384"},{"taxonomy":"post_tag","embeddable":true,"href":"https:\/\/www.portalalerta.com.br\/index.php\/wp-json\/wp\/v2\/tags?post=31384"}],"curies":[{"name":"wp","href":"https:\/\/api.w.org\/{rel}","templated":true}]}}