{"id":3142,"date":"2017-12-21T15:29:30","date_gmt":"2017-12-21T17:29:30","guid":{"rendered":"http:\/\/www.portalalerta.com.br\/?p=3142"},"modified":"2017-12-21T15:29:30","modified_gmt":"2017-12-21T17:29:30","slug":"calamidade-pacientes-da-uti-do-hospital-geral-santa-tereza-estao-em-risco-por-falta-de-ar-condicionado","status":"publish","type":"post","link":"https:\/\/www.portalalerta.com.br\/index.php\/2017\/12\/21\/calamidade-pacientes-da-uti-do-hospital-geral-santa-tereza-estao-em-risco-por-falta-de-ar-condicionado\/","title":{"rendered":"Calamidade: Pacientes da UTI do Hospital Geral Santa Tereza est\u00e3o em risco por falta de Ar Condicionado"},"content":{"rendered":"<div class=\"itemIntroText\" style=\"text-align: justify;\">\n<p>Pacientes que se encontram internados na Unidade de Terapia Intensiva (UTI) do Hospital Geral Santa Tereza, em Ribeira do Pombal, est\u00e3o correndo s\u00e9rios riscos, devido ao n\u00e3o funcionamento do Sistema de Refrigera\u00e7\u00e3o.<\/p>\n<\/div>\n<p><!--more--><\/p>\n<div class=\"itemFullText\" style=\"text-align: justify;\">\n<p>De acordo com informa\u00e7\u00f5es preliminares, o problema foi constatado desde a \u00faltima sexta-feira, 1\u00ba, e at\u00e9 o momento a Funda\u00e7\u00e3o Jos\u00e9 Silveira, gestora da Unidade, n\u00e3o resolveu, necessitando abrir as janelas conforme imagem acima, o que leva s\u00e9rios riscos aos pacientes ali internados, pois este tipo de ambiente n\u00e3o deve sofrer interfer\u00eancias externas, j\u00e1 que algumas bact\u00e9rias podem estar presentes no ar, al\u00e9m da possibilidade do contato dos pacientes com: moscas, mosquitos, e insetos de outras esp\u00e9cies. O caso \u00e9 grav\u00edssimo, e precisa ser resolvido com urg\u00eancia.<\/p>\n<p>Ainda segundo relatos, o uso de aparelhos de ar condicionado j\u00e1 \u00e9 considerado um erro, por\u00e9m esta medida estava sendo utilizada h\u00e1 aproximadamente dois anos, per\u00edodo em que a Central de Ar apresentou defeito, que diga-se de passagem nunca foi corrigido. No caso atual, o motor do ar condicionado teria queimado, sendo este substitu\u00eddo, por\u00e9m n\u00e3o voltou a funcionar\u00a0 por falta do g\u00e1s, o que a Funda\u00e7\u00e3o Jos\u00e9 Silveira teria alegado que s\u00f3 poderia enviar na pr\u00f3xima sexta-feira, 08, vers\u00e3o n\u00e3o confirmada oficialmente.<\/p>\n<p><img decoding=\"async\" class=\"aligncenter\" src=\"http:\/\/pombalalerta.com.br\/images\/realnatal.jpg\" border=\"0\" \/>A pior not\u00edcia da noite de segunda-feira, 04, \u00e9 que um dos pacientes (identidade n\u00e3o revelada) que estava internado na UTI, teve o seu \u00f3bito confirmado. Ainda \u00e9 cedo para relacionar o \u00f3bito \u00e0s condi\u00e7\u00f5es da Unidade, por\u00e9m o caso precisa ser investigado.<\/p>\n<p>Outra not\u00edcia preocupante da noite \u00e9 o fato dos m\u00e9dicos da Unidade Hospitalar anunciarem mais uma vez que est\u00e3o com os servi\u00e7os paralisados, inclusive alguns pacientes de urg\u00eancia tiveram o atendimento negado.<\/p>\n<p>Com a palavra, as autoridades!<\/p>\n<p><a href=\"http:\/\/www.facebook.com.br\/pombalalerta\"><strong>Curta nossa p\u00e1gina no facebook, e continue atualizado sobre tudo o que acontece em Ribeira do Pombal e Regi\u00e3o!\u00a0<\/strong><\/a><\/p>\n<p><a href=\"https:\/\/play.google.com\/store\/apps\/details?id=com.globalstore.pombalalerta&amp;hl=pt_BR\"><strong>Baixe o nosso aplicativo, e fique de olho na not\u00edcia!<\/strong><\/a><\/p>\n<p>Continuamos \u201cde olho na not\u00edcia\u201d em busca de mais informa\u00e7\u00f5es sobre o caso.<\/p>\n<p><em>Reda\u00e7\u00e3o: Pombal Alerta<\/em><\/p>\n<\/div>\n","protected":false},"excerpt":{"rendered":"<p>Pacientes que se encontram internados na Unidade de Terapia Intensiva (UTI) do Hospital Geral Santa Tereza, em Ribeira do Pombal, est\u00e3o correndo s\u00e9rios riscos, devido ao n\u00e3o funcionamento do Sistema de Refrigera\u00e7\u00e3o.<\/p>\n","protected":false},"author":2,"featured_media":3143,"comment_status":"closed","ping_status":"open","sticky":false,"template":"","format":"standard","meta":{"om_disable_all_campaigns":false,"_monsterinsights_skip_tracking":false,"_monsterinsights_sitenote_active":false,"_monsterinsights_sitenote_note":"","_monsterinsights_sitenote_category":0,"footnotes":""},"categories":[33,70,69,32,3,19],"tags":[152,151,47,153],"class_list":["post-3142","post","type-post","status-publish","format-standard","has-post-thumbnail","hentry","category-bahia","category-destaques","category-noticias2","category-regiao","category-ribeira-do-pombal","category-saude","tag-denuncia","tag-hgst","tag-ribeira-do-pombal","tag-uti"],"aioseo_notices":[],"_links":{"self":[{"href":"https:\/\/www.portalalerta.com.br\/index.php\/wp-json\/wp\/v2\/posts\/3142","targetHints":{"allow":["GET"]}}],"collection":[{"href":"https:\/\/www.portalalerta.com.br\/index.php\/wp-json\/wp\/v2\/posts"}],"about":[{"href":"https:\/\/www.portalalerta.com.br\/index.php\/wp-json\/wp\/v2\/types\/post"}],"author":[{"embeddable":true,"href":"https:\/\/www.portalalerta.com.br\/index.php\/wp-json\/wp\/v2\/users\/2"}],"replies":[{"embeddable":true,"href":"https:\/\/www.portalalerta.com.br\/index.php\/wp-json\/wp\/v2\/comments?post=3142"}],"version-history":[{"count":0,"href":"https:\/\/www.portalalerta.com.br\/index.php\/wp-json\/wp\/v2\/posts\/3142\/revisions"}],"wp:featuredmedia":[{"embeddable":true,"href":"https:\/\/www.portalalerta.com.br\/index.php\/wp-json\/wp\/v2\/media\/3143"}],"wp:attachment":[{"href":"https:\/\/www.portalalerta.com.br\/index.php\/wp-json\/wp\/v2\/media?parent=3142"}],"wp:term":[{"taxonomy":"category","embeddable":true,"href":"https:\/\/www.portalalerta.com.br\/index.php\/wp-json\/wp\/v2\/categories?post=3142"},{"taxonomy":"post_tag","embeddable":true,"href":"https:\/\/www.portalalerta.com.br\/index.php\/wp-json\/wp\/v2\/tags?post=3142"}],"curies":[{"name":"wp","href":"https:\/\/api.w.org\/{rel}","templated":true}]}}