{"id":3151,"date":"2017-12-21T15:47:56","date_gmt":"2017-12-21T17:47:56","guid":{"rendered":"http:\/\/www.portalalerta.com.br\/?p=3151"},"modified":"2017-12-21T15:47:56","modified_gmt":"2017-12-21T17:47:56","slug":"cicerodantense-evanio-rodrigues-e-bronze-no-mundial-de-halterofilismo-no-mexico","status":"publish","type":"post","link":"https:\/\/www.portalalerta.com.br\/index.php\/2017\/12\/21\/cicerodantense-evanio-rodrigues-e-bronze-no-mundial-de-halterofilismo-no-mexico\/","title":{"rendered":"Cicerodantense Ev\u00e2nio Rodrigues \u00e9 Bronze no Mundial de Halterofilismo no M\u00e9xico"},"content":{"rendered":"<div class=\"itemIntroText\" style=\"text-align: justify;\">\n<p>Ev\u00e2nio Rodrigues, 33, conquistou a in\u00e9dita medalha de bronze no Campeonato Mundial de Halterofilismo, realizado desde o s\u00e1bado, 2, na Cidade do M\u00e9xico. Ele levantou 208 quilos na categoria at\u00e9 88 quilos e \u00e9 o primeiro atleta do masculino do pa\u00eds a chegar a um p\u00f3dio em competi\u00e7\u00f5es deste porte.<\/p>\n<\/div>\n<p><!--more--><\/p>\n<div class=\"itemFullText\" style=\"text-align: justify;\">\n<p>O ouro ficou com o Jixiong Ye, com 226 quilos. A prata, com o iraniano Seyedhamed Solhipouravandji (210 quilos).<\/p>\n<p>A hist\u00f3ria do halterofilismo brasileiro conta, agora, com dois medalhistas em Mundiais. A primazia fora da paranaense M\u00e1rcia Menezes, em Dubai 2014, com o bronze na categoria at\u00e9 79 quilos.<\/p>\n<p>Ev\u00e2nio, baiano de C\u00edcero Dantas-BA, acumula agora duas not\u00e1veis performances no cen\u00e1rio internacional em duas temporadas consecutivas. Nos Jogos Paral\u00edmpicos do Rio 2016, ele abocanhara a prata nesta mesma categoria.<\/p>\n<p>Curiosamente, os dois atletas que desbancaram Ev\u00e2nio nesta noite de quarta-feira, 6, na Cidade do M\u00e9xico, nem sequer conseguiram ter movimentos v\u00e1lidos nos Jogos do Rio, e terminaram nas \u00faltimas posi\u00e7\u00f5es.<\/p>\n<p>Agora, no M\u00e9xico, Ev\u00e3nio n\u00e3o precisou levantar os mesmos 210 quilos que o consagrou no Rio 2016 para chegar ao p\u00f3dio. Foram necess\u00e1rios 208 quilos na barra para se garantir a medalha. E ela veio apenas na segunda tentativa.<\/p>\n<p><img decoding=\"async\" class=\"aligncenter\" src=\"http:\/\/pombalalerta.com.br\/images\/autoescolanobre.jpg\" border=\"0\" \/>A pedida de sa\u00edda fora 207 quilos, por\u00e9m fraquejou o bra\u00e7o direito antes de devolver a barra ao suporte e o movimento. Os demais advers\u00e1rios n\u00e3o conseguiram chegar perto desta marca e Ev\u00e2nio aumentou para 208 quilos na segunda tentativa. Com a tranquilidade de quem j\u00e1 suportou esta barra com facilidade em competi\u00e7\u00f5es anteriores, completou com perfei\u00e7\u00e3o e antes mesmo da decis\u00e3o favor\u00e1vel dos \u00e1rbitros j\u00e1 vibrou com a validade de seu movimento.<\/p>\n<p><strong>O bronze j\u00e1 estava garantido<\/strong><\/p>\n<p>Para se despedir do Mundial, ousou: arriscou 212 quilos, peso que jamais lograra \u00eaxito em competi\u00e7\u00f5es internacionais &#8211; sua melhor marca \u00e9 exatamente 210, os mesmos feitos no Rio 2016. Se fosse bem sucedido, ficaria com a prata. Mas a arbitragem foi muito r\u00edgida e invalidou a terceira apresenta\u00e7\u00e3o do brasileiro.<\/p>\n<p>Pouco importava, Ev\u00e2nio j\u00e1 saiu do banco do supino vibrando com o p\u00f3dio in\u00e9dito.<\/p>\n<p>\u201cEstou muito feliz, foram muitas dificuldades, eu cheguei aqui no M\u00e9xico dizendo que entraria na briga para concorrer a esta medalha e consegui. Nunca parei de treinar desde os Jogos Paral\u00edmpicos do Rio, mas de um m\u00eas para c\u00e1 eu passei a sentir muitas dores, principalmente no peito, o que me preocupou, porque pensei que poderia influenciar no meu resultado no Mundial, mas com muita fisioterapia, eu consegui\u201d, vibrou Ev\u00e2nio, com seu jeito t\u00edmido.<\/p>\n<p>Ainda beb\u00ea, com seis meses de idade, Ev\u00e2nio teve poliomielite. Em C\u00edcero Dantas, o acesso aos recursos de sa\u00fade era bem dif\u00edcil. Ap\u00f3s uma cirurgia, deu seus primeiros passos apenas aos cinco anos de idade. Desde ent\u00e3o, caminha com pouca mobilidade, pois ficou com um encurtamento na perna direita como sequela da doen\u00e7a.<\/p>\n<p>Outras duas brasileiras competiram nesta quarta-feira, 6. A potiguar Terezinha Mulato foi a 10\u00ba na categoria at\u00e9 67 quilos. A paulista Amanda de Sousa foi a 9\u00aa na categoria at\u00e9 73 quilos.<\/p>\n<p><strong>Time S\u00e3o Paulo<\/strong><\/p>\n<p>O atleta Ev\u00e2nio Rodrigues \u00e9 integrante do Time S\u00e3o Paulo, parceria entre o CPB e a Secretaria de Estado dos Direitos da Pessoa com Defici\u00eancia de S\u00e3o Paulo que beneficia 56 atletas e nove atletas-guia de 10 modalidades.<\/p>\n<p><em>Fonte: C\u00edcero Dantas Acontece<\/em><\/p>\n<\/div>\n","protected":false},"excerpt":{"rendered":"<p>Ev\u00e2nio Rodrigues, 33, conquistou a in\u00e9dita medalha de bronze no Campeonato Mundial de Halterofilismo, realizado desde o s\u00e1bado, 2, na Cidade do M\u00e9xico. Ele levantou 208 quilos na categoria at\u00e9 88 quilos e \u00e9 o primeiro atleta do masculino do pa\u00eds a chegar a um p\u00f3dio em competi\u00e7\u00f5es deste porte.<\/p>\n","protected":false},"author":2,"featured_media":3152,"comment_status":"closed","ping_status":"open","sticky":false,"template":"","format":"standard","meta":{"om_disable_all_campaigns":false,"_monsterinsights_skip_tracking":false,"_monsterinsights_sitenote_active":false,"_monsterinsights_sitenote_note":"","_monsterinsights_sitenote_category":0,"footnotes":""},"categories":[33,34,4,70,2,35,69,32],"tags":[93,159,156,96,160,158,157],"class_list":["post-3151","post","type-post","status-publish","format-standard","has-post-thumbnail","hentry","category-bahia","category-brasil","category-cicero-dantas","category-destaques","category-esportes","category-mundo","category-noticias2","category-regiao","tag-brasil","tag-bronze","tag-cicero-danta","tag-esporte","tag-medalha-de-bronze","tag-mexico","tag-mundial"],"aioseo_notices":[],"_links":{"self":[{"href":"https:\/\/www.portalalerta.com.br\/index.php\/wp-json\/wp\/v2\/posts\/3151","targetHints":{"allow":["GET"]}}],"collection":[{"href":"https:\/\/www.portalalerta.com.br\/index.php\/wp-json\/wp\/v2\/posts"}],"about":[{"href":"https:\/\/www.portalalerta.com.br\/index.php\/wp-json\/wp\/v2\/types\/post"}],"author":[{"embeddable":true,"href":"https:\/\/www.portalalerta.com.br\/index.php\/wp-json\/wp\/v2\/users\/2"}],"replies":[{"embeddable":true,"href":"https:\/\/www.portalalerta.com.br\/index.php\/wp-json\/wp\/v2\/comments?post=3151"}],"version-history":[{"count":0,"href":"https:\/\/www.portalalerta.com.br\/index.php\/wp-json\/wp\/v2\/posts\/3151\/revisions"}],"wp:featuredmedia":[{"embeddable":true,"href":"https:\/\/www.portalalerta.com.br\/index.php\/wp-json\/wp\/v2\/media\/3152"}],"wp:attachment":[{"href":"https:\/\/www.portalalerta.com.br\/index.php\/wp-json\/wp\/v2\/media?parent=3151"}],"wp:term":[{"taxonomy":"category","embeddable":true,"href":"https:\/\/www.portalalerta.com.br\/index.php\/wp-json\/wp\/v2\/categories?post=3151"},{"taxonomy":"post_tag","embeddable":true,"href":"https:\/\/www.portalalerta.com.br\/index.php\/wp-json\/wp\/v2\/tags?post=3151"}],"curies":[{"name":"wp","href":"https:\/\/api.w.org\/{rel}","templated":true}]}}