{"id":31510,"date":"2020-12-26T19:23:12","date_gmt":"2020-12-26T22:23:12","guid":{"rendered":"https:\/\/www.portalalerta.com.br\/?p=31510"},"modified":"2020-12-26T19:23:12","modified_gmt":"2020-12-26T22:23:12","slug":"bahia-registra-1-349-novos-casos-de-covid-19-nas-ultimas-24-horas","status":"publish","type":"post","link":"https:\/\/www.portalalerta.com.br\/index.php\/2020\/12\/26\/bahia-registra-1-349-novos-casos-de-covid-19-nas-ultimas-24-horas\/","title":{"rendered":"Bahia registra 1.349 novos casos de Covid-19 nas \u00faltimas 24 horas"},"content":{"rendered":"<p style=\"text-align: justify;\">Na Bahia, nas \u00faltimas 24 horas, foram registrados 1.349 casos de Covid-19 (taxa de crescimento de +0,3%) e 2.190 recuperados (+0,5%). Dos 482.113 casos confirmados desde o in\u00edcio da pandemia, 466.189 j\u00e1 s\u00e3o considerados recuperados e 6.941 encontram-se ativos. A base de dados completa dos casos suspeitos, descartados, confirmados e \u00f3bitos relacionados ao coronav\u00edrus est\u00e1 dispon\u00edvel em\u00a0<a href=\"https:\/\/bi.saude.ba.gov.br\/transparencia\/\">https:\/\/bi.saude.ba.gov.br\/transparencia\/<\/a>.<!--more--><\/p>\n<p style=\"text-align: justify;\">Para fins estat\u00edsticos, a vigil\u00e2ncia epidemiol\u00f3gica estadual considera um paciente recuperado ap\u00f3s 14 dias do in\u00edcio dos sintomas da Covid-19. J\u00e1 os casos ativos s\u00e3o resultado do seguinte c\u00e1lculo: n\u00famero de casos totais, menos os \u00f3bitos, menos os recuperados. Os c\u00e1lculos s\u00e3o realizados de modo autom\u00e1tico.<\/p>\n<p style=\"text-align: justify;\">Os casos confirmados ocorreram em 417 munic\u00edpios baianos, com maior propor\u00e7\u00e3o em Salvador (22,62). Os munic\u00edpios com os maiores coeficientes de incid\u00eancia por 100.000 habitantes foram Ibirataia (10.259,93), Muniz Ferreira (8.286,18), Concei\u00e7\u00e3o do Coit\u00e9 (8.141,18), Pintadas (7.914,15), Jucuru\u00e7u (7.900,50).<\/p>\n<div data-mvc-banner=\"leaderboard\"><\/div>\n<p><script type=\"text\/javascript\"> (function(storeName) { var b = document.createElement('script'); b.type = 'text\/javascript'; b.async = true; b.src = 'https:\/\/www.magazinevoce.com.br\/js\/banner.js?store='+ storeName; var s = document.getElementsByTagName('script')[0]; s.parentNode.insertBefore(b, s); })('Nvscosta'); <\/script><\/p>\n<p style=\"text-align: justify;\">O\u00a0<a href=\"http:\/\/www.saude.ba.gov.br\/wp-content\/uploads\/2020\/12\/Boletim-Infografico-26-12-2020.pdf\">boletim epidemiol\u00f3gico<\/a>\u00a0contabiliza ainda 875.777 casos descartados e 123.850 em investiga\u00e7\u00e3o. Estes dados representam notifica\u00e7\u00f5es oficiais compiladas pelo Centro de Informa\u00e7\u00f5es Estrat\u00e9gicas em Vigil\u00e2ncia em Sa\u00fade da Bahia (Cievs-BA), em conjunto com os Cievs municipais e as bases de dados do Minist\u00e9rio da Sa\u00fade at\u00e9 as 17 horas deste s\u00e1bado (26).<\/p>\n<p style=\"text-align: justify;\">Na Bahia, 36.006 profissionais da sa\u00fade foram confirmados para Covid-19. Para acessar o boletim completo,\u00a0<a href=\"http:\/\/www.saude.ba.gov.br\/wp-content\/uploads\/2020\/12\/BOLETIM_ELETRONICO_BAHIAN_277___26122020.pdf\">clique aqui<\/a>\u00a0ou acesse o\u00a0<a href=\"https:\/\/bi.saude.ba.gov.br\/transparencia\/\">Business Intelligence<\/a>.<\/p>\n<p style=\"text-align: justify;\"><strong>\u00d3bitos<\/strong><br \/>\nO boletim epidemiol\u00f3gico de hoje contabiliza 29 \u00f3bitos que ocorreram em diversas datas, conforme tabela abaixo. A exist\u00eancia de registros tardios e\/ou ac\u00famulo de casos deve-se a sobrecarga das equipes de investiga\u00e7\u00e3o, pois h\u00e1 doen\u00e7as de notifica\u00e7\u00e3o compuls\u00f3ria para al\u00e9m da Covid-19. Outro motivo \u00e9 o aprofundamento das investiga\u00e7\u00f5es epidemiol\u00f3gicas por parte das vigil\u00e2ncias municipais e estadual a fim de evitar distor\u00e7\u00f5es ou equ\u00edvocos, como desconsiderar a causa do \u00f3bito um traumatismo craniano ou um c\u00e2ncer em est\u00e1gio terminal, ainda que a pessoa esteja infectada pelo coronav\u00edrus.<\/p>\n<p style=\"text-align: justify;\">O n\u00famero total de \u00f3bitos por Covid-19 na Bahia desde o in\u00edcio da pandemia \u00e9 de 8.983, representando uma letalidade de 1,86%. Dentre os \u00f3bitos, 56,63% ocorreram no sexo masculino e 43,37% no sexo feminino. Em rela\u00e7\u00e3o ao quesito ra\u00e7a e cor, 54,80% corresponderam a parda, seguidos por branca com 18,79%, preta com 14,68%, amarela com 0,67%, ind\u00edgena com 0,13% e n\u00e3o h\u00e1 informa\u00e7\u00e3o em 10,92% dos \u00f3bitos. O percentual de casos com comorbidade foi de 71,07%, com maior percentual de doen\u00e7as card\u00edacas e cr\u00f4nicas (73,50%).<\/p>\n<p style=\"text-align: justify;\"><em>Fonte: Sesab<\/em><\/p>\n","protected":false},"excerpt":{"rendered":"<p>Na Bahia, nas \u00faltimas 24 horas, foram registrados 1.349 casos de Covid-19 (taxa de crescimento de +0,3%) e 2.190 recuperados (+0,5%). Dos 482.113 casos confirmados desde o in\u00edcio da pandemia, 466.189 j\u00e1 s\u00e3o considerados recuperados e 6.941 encontram-se ativos. A base de dados completa dos casos suspeitos, descartados, confirmados e \u00f3bitos relacionados ao coronav\u00edrus est\u00e1 &hellip;<\/p>\n","protected":false},"author":2,"featured_media":24057,"comment_status":"open","ping_status":"open","sticky":false,"template":"","format":"standard","meta":{"om_disable_all_campaigns":false,"_monsterinsights_skip_tracking":false,"_monsterinsights_sitenote_active":false,"_monsterinsights_sitenote_note":"","_monsterinsights_sitenote_category":0,"footnotes":""},"categories":[33,70,69,19],"tags":[100,71,48,54,49,75,45,3429,3486,46,3841,129,107,44,4095,132,230,439,3828,106,203,120,51,109,88,47,61,111,190],"class_list":["post-31510","post","type-post","status-publish","format-standard","has-post-thumbnail","hentry","category-bahia","category-destaques","category-noticias2","category-saude","tag-adustina","tag-antas","tag-araci","tag-bahia","tag-banzae","tag-cicero-dantas","tag-cipo","tag-coronavirus","tag-covid-19","tag-crisopolis","tag-curados","tag-euclides-da-cunha","tag-fatima","tag-heliopolis","tag-infeccoes","tag-itapicuru","tag-jeremoabo","tag-mortes","tag-noticias","tag-nova-soure","tag-novo-triunfo","tag-olindina","tag-paripiranga","tag-quijingue","tag-ribeira-do-amparo","tag-ribeira-do-pombal","tag-saude","tag-sitio-do-quinto","tag-tucano"],"aioseo_notices":[],"_links":{"self":[{"href":"https:\/\/www.portalalerta.com.br\/index.php\/wp-json\/wp\/v2\/posts\/31510","targetHints":{"allow":["GET"]}}],"collection":[{"href":"https:\/\/www.portalalerta.com.br\/index.php\/wp-json\/wp\/v2\/posts"}],"about":[{"href":"https:\/\/www.portalalerta.com.br\/index.php\/wp-json\/wp\/v2\/types\/post"}],"author":[{"embeddable":true,"href":"https:\/\/www.portalalerta.com.br\/index.php\/wp-json\/wp\/v2\/users\/2"}],"replies":[{"embeddable":true,"href":"https:\/\/www.portalalerta.com.br\/index.php\/wp-json\/wp\/v2\/comments?post=31510"}],"version-history":[{"count":1,"href":"https:\/\/www.portalalerta.com.br\/index.php\/wp-json\/wp\/v2\/posts\/31510\/revisions"}],"predecessor-version":[{"id":31511,"href":"https:\/\/www.portalalerta.com.br\/index.php\/wp-json\/wp\/v2\/posts\/31510\/revisions\/31511"}],"wp:featuredmedia":[{"embeddable":true,"href":"https:\/\/www.portalalerta.com.br\/index.php\/wp-json\/wp\/v2\/media\/24057"}],"wp:attachment":[{"href":"https:\/\/www.portalalerta.com.br\/index.php\/wp-json\/wp\/v2\/media?parent=31510"}],"wp:term":[{"taxonomy":"category","embeddable":true,"href":"https:\/\/www.portalalerta.com.br\/index.php\/wp-json\/wp\/v2\/categories?post=31510"},{"taxonomy":"post_tag","embeddable":true,"href":"https:\/\/www.portalalerta.com.br\/index.php\/wp-json\/wp\/v2\/tags?post=31510"}],"curies":[{"name":"wp","href":"https:\/\/api.w.org\/{rel}","templated":true}]}}