{"id":31517,"date":"2020-12-28T13:54:38","date_gmt":"2020-12-28T16:54:38","guid":{"rendered":"https:\/\/www.portalalerta.com.br\/?p=31517"},"modified":"2020-12-28T13:54:38","modified_gmt":"2020-12-28T16:54:38","slug":"festa-de-carlinhos-maia-deixa-47-funcionarios-infectados-pelo-coronavirus-diz-colunista","status":"publish","type":"post","link":"https:\/\/www.portalalerta.com.br\/index.php\/2020\/12\/28\/festa-de-carlinhos-maia-deixa-47-funcionarios-infectados-pelo-coronavirus-diz-colunista\/","title":{"rendered":"Festa de Carlinhos Maia deixa 47 funcion\u00e1rios infectados pelo coronav\u00edrus, diz colunista"},"content":{"rendered":"<p style=\"text-align: justify;\">Segundo informa\u00e7\u00f5es divulgadas pelo colunista Erlan Bastos, 47 funcion\u00e1rios que participaram da festa do humorista Carlinhos Maia, no \u00faltimo s\u00e1bado (19), em Penedo-AL, foram diagnosticados com coronav\u00edrus. O evento contou com a presen\u00e7a de v\u00e1rios influenciadores digitais brasileiros. Duas das pessoas infectadas que trabalharam no local\u00a0est\u00e3o internadas\u00a0na Unidade de Terapia Intensiva (UTI).<!--more--><\/p>\n<p style=\"text-align: justify;\"><img fetchpriority=\"high\" decoding=\"async\" class=\"size-thumbnail wp-image-9394 alignleft\" src=\"https:\/\/www.portalalerta.com.br\/wp-content\/uploads\/2018\/07\/05elab-320x240.jpg\" alt=\"\" width=\"320\" height=\"240\" srcset=\"https:\/\/www.portalalerta.com.br\/wp-content\/uploads\/2018\/07\/05elab-320x240.jpg 320w, https:\/\/www.portalalerta.com.br\/wp-content\/uploads\/2018\/07\/05elab-195x146.jpg 195w, https:\/\/www.portalalerta.com.br\/wp-content\/uploads\/2018\/07\/05elab-50x38.jpg 50w, https:\/\/www.portalalerta.com.br\/wp-content\/uploads\/2018\/07\/05elab-100x75.jpg 100w, https:\/\/www.portalalerta.com.br\/wp-content\/uploads\/2018\/07\/05elab.jpg 400w\" sizes=\"(max-width: 320px) 100vw, 320px\" \/>Erlan disse ainda que n\u00e3o foi realizado o teste para a identifica\u00e7\u00e3o da Covid-19 em todos os convidados, nem exigido o uso de m\u00e1scaras no evento. Revelou tamb\u00e9m que algumas dos famosos que estavam presentes na festa\u00a0foram igualmente diagnosticadas com a doen\u00e7a, mas n\u00e3o querem admitir publicamente.<\/p>\n<p style=\"text-align: justify;\">Em resposta \u00e0 acusa\u00e7\u00e3o, Carlinhos afirma que sua festa n\u00e3o causou a infec\u00e7\u00e3o dos funcion\u00e1rios e divulgou prints da conversa com a empresa organizadora do seu evento. \u201c\u00c9 mentira, est\u00e1 todo mundo ok\u201d, disse.<\/p>\n<p style=\"text-align: justify;\"><em>Fonte: Metro1<\/em><\/p>\n","protected":false},"excerpt":{"rendered":"<p>Segundo informa\u00e7\u00f5es divulgadas pelo colunista Erlan Bastos, 47 funcion\u00e1rios que participaram da festa do humorista Carlinhos Maia, no \u00faltimo s\u00e1bado (19), em Penedo-AL, foram diagnosticados com coronav\u00edrus. O evento contou com a presen\u00e7a de v\u00e1rios influenciadores digitais brasileiros. Duas das pessoas infectadas que trabalharam no local\u00a0est\u00e3o internadas\u00a0na Unidade de Terapia Intensiva (UTI).<\/p>\n","protected":false},"author":2,"featured_media":31519,"comment_status":"open","ping_status":"open","sticky":false,"template":"","format":"standard","meta":{"om_disable_all_campaigns":false,"_monsterinsights_skip_tracking":false,"_monsterinsights_sitenote_active":false,"_monsterinsights_sitenote_note":"","_monsterinsights_sitenote_category":0,"footnotes":""},"categories":[34,70,69,19],"tags":[100,71,48,49,93,4096,75,45,3429,3486,46,129,107,44,132,230,3828,106,203,120,51,109,88,47,61,111,190,153],"class_list":["post-31517","post","type-post","status-publish","format-standard","has-post-thumbnail","hentry","category-brasil","category-destaques","category-noticias2","category-saude","tag-adustina","tag-antas","tag-araci","tag-banzae","tag-brasil","tag-carlinhos-maia","tag-cicero-dantas","tag-cipo","tag-coronavirus","tag-covid-19","tag-crisopolis","tag-euclides-da-cunha","tag-fatima","tag-heliopolis","tag-itapicuru","tag-jeremoabo","tag-noticias","tag-nova-soure","tag-novo-triunfo","tag-olindina","tag-paripiranga","tag-quijingue","tag-ribeira-do-amparo","tag-ribeira-do-pombal","tag-saude","tag-sitio-do-quinto","tag-tucano","tag-uti"],"aioseo_notices":[],"_links":{"self":[{"href":"https:\/\/www.portalalerta.com.br\/index.php\/wp-json\/wp\/v2\/posts\/31517","targetHints":{"allow":["GET"]}}],"collection":[{"href":"https:\/\/www.portalalerta.com.br\/index.php\/wp-json\/wp\/v2\/posts"}],"about":[{"href":"https:\/\/www.portalalerta.com.br\/index.php\/wp-json\/wp\/v2\/types\/post"}],"author":[{"embeddable":true,"href":"https:\/\/www.portalalerta.com.br\/index.php\/wp-json\/wp\/v2\/users\/2"}],"replies":[{"embeddable":true,"href":"https:\/\/www.portalalerta.com.br\/index.php\/wp-json\/wp\/v2\/comments?post=31517"}],"version-history":[{"count":1,"href":"https:\/\/www.portalalerta.com.br\/index.php\/wp-json\/wp\/v2\/posts\/31517\/revisions"}],"predecessor-version":[{"id":31520,"href":"https:\/\/www.portalalerta.com.br\/index.php\/wp-json\/wp\/v2\/posts\/31517\/revisions\/31520"}],"wp:featuredmedia":[{"embeddable":true,"href":"https:\/\/www.portalalerta.com.br\/index.php\/wp-json\/wp\/v2\/media\/31519"}],"wp:attachment":[{"href":"https:\/\/www.portalalerta.com.br\/index.php\/wp-json\/wp\/v2\/media?parent=31517"}],"wp:term":[{"taxonomy":"category","embeddable":true,"href":"https:\/\/www.portalalerta.com.br\/index.php\/wp-json\/wp\/v2\/categories?post=31517"},{"taxonomy":"post_tag","embeddable":true,"href":"https:\/\/www.portalalerta.com.br\/index.php\/wp-json\/wp\/v2\/tags?post=31517"}],"curies":[{"name":"wp","href":"https:\/\/api.w.org\/{rel}","templated":true}]}}