{"id":31524,"date":"2020-12-28T14:43:18","date_gmt":"2020-12-28T17:43:18","guid":{"rendered":"https:\/\/www.portalalerta.com.br\/?p=31524"},"modified":"2020-12-28T14:43:18","modified_gmt":"2020-12-28T17:43:18","slug":"teich-e-mandetta-dizem-que-bolsonaro-atrapalha-combate-ao-coronavirus","status":"publish","type":"post","link":"https:\/\/www.portalalerta.com.br\/index.php\/2020\/12\/28\/teich-e-mandetta-dizem-que-bolsonaro-atrapalha-combate-ao-coronavirus\/","title":{"rendered":"Teich e Mandetta dizem que Bolsonaro atrapalha combate ao coronav\u00edrus"},"content":{"rendered":"<p style=\"text-align: justify;\">Ex-ministros da Sa\u00fade de\u00a0Jair Bolsonaro\u00a0(sem partido), Luiz Henrique Mandetta e Nelson Teich avaliam que faltou lideran\u00e7a do governo federal no combate \u00e0 pandemia do\u00a0novo coronav\u00edrus\u00a0e que a postura do presidente atrapalhou as medidas sanit\u00e1rias de preven\u00e7\u00e3o.<!--more--><\/p>\n<p style=\"text-align: justify;\">\u201cA Covid-19 suscita uma coopera\u00e7\u00e3o em todos os n\u00edveis. E o que o Brasil n\u00e3o tem \u00e9 planejamento, estrat\u00e9gia, lideran\u00e7a, coordena\u00e7\u00e3o e informa\u00e7\u00e3o. Isso n\u00e3o \u00e9 uma coisa deste governo, deste minist\u00e9rio. \u00c9 uma coisa que foi se estruturando ao longo de d\u00e9cadas\u201d, disse Teich em entrevista ao jornal O Globo.<\/p>\n<p style=\"text-align: justify;\">Sobre o papel do presidente, Teich afirmou que as declara\u00e7\u00f5es de Bolsonaro contr\u00e1rias \u00e0s autoridades de Sa\u00fade confunde as pessoas e dificulta o combate \u00e0 pandemia: \u201cN\u00e3o ter uma comunica\u00e7\u00e3o alinhada, forte, todo mundo mandando a mesma mensagem, dificulta o combate \u00e0 pandemia, claramente\u201d.<\/p>\n<div data-mvc-banner=\"leaderboard\"><\/div>\n<p><script type=\"text\/javascript\"> (function(storeName) { var b = document.createElement('script'); b.type = 'text\/javascript'; b.async = true; b.src = 'https:\/\/www.magazinevoce.com.br\/js\/banner.js?store='+ storeName; var s = document.getElementsByTagName('script')[0]; s.parentNode.insertBefore(b, s); })('Nvscosta'); <\/script><\/p>\n<p style=\"text-align: justify;\">Teich deixou o cargo em maio, em meio a diverg\u00eancias sobre a aplica\u00e7\u00e3o da cloroquina, medicamento sem comprova\u00e7\u00e3o cient\u00edfica. Ele havia substitu\u00eddo Mandetta, que tamb\u00e9m discordou do uso da subst\u00e2ncia.<\/p>\n<p style=\"text-align: justify;\">Para o ex-ministro, que esteve no cargo entre janeiro de 2019 e abril de 2020, o pa\u00eds enfrente uma crise tripla \u201cde preven\u00e7\u00e3o, atendimento e vacina\u201d.<\/p>\n<p style=\"text-align: justify;\">\u201cPrimeiro, porque o presidente n\u00e3o acredita [no v\u00edrus]. At\u00e9 hoje n\u00e3o houve uma fala do presidente que ajudasse a Sa\u00fade p\u00fablica brasileira\u201d, disse Mandetta. \u201cParece tudo err\u00e1tico. \u00c9 preciso ter uma capacidade de lideran\u00e7a muito forte, e o Brasil est\u00e1 sem lideran\u00e7a em Sa\u00fade\u201d, analisou.<\/p>\n<p style=\"text-align: justify;\"><em>Fonte: Yahoo Not\u00edcias<\/em><\/p>\n","protected":false},"excerpt":{"rendered":"<p>Ex-ministros da Sa\u00fade de\u00a0Jair Bolsonaro\u00a0(sem partido), Luiz Henrique Mandetta e Nelson Teich avaliam que faltou lideran\u00e7a do governo federal no combate \u00e0 pandemia do\u00a0novo coronav\u00edrus\u00a0e que a postura do presidente atrapalhou as medidas sanit\u00e1rias de preven\u00e7\u00e3o.<\/p>\n","protected":false},"author":2,"featured_media":31525,"comment_status":"open","ping_status":"open","sticky":false,"template":"","format":"standard","meta":{"om_disable_all_campaigns":false,"_monsterinsights_skip_tracking":false,"_monsterinsights_sitenote_active":false,"_monsterinsights_sitenote_note":"","_monsterinsights_sitenote_category":0,"footnotes":""},"categories":[34,70,69,21,19],"tags":[100,71,48,49,93,75,45,3429,3486,46,129,107,44,132,1395,230,1884,3578,3828,106,203,120,51,109,88,47,61,111,190],"class_list":["post-31524","post","type-post","status-publish","format-standard","has-post-thumbnail","hentry","category-brasil","category-destaques","category-noticias2","category-politica","category-saude","tag-adustina","tag-antas","tag-araci","tag-banzae","tag-brasil","tag-cicero-dantas","tag-cipo","tag-coronavirus","tag-covid-19","tag-crisopolis","tag-euclides-da-cunha","tag-fatima","tag-heliopolis","tag-itapicuru","tag-jair-bolsonaro","tag-jeremoabo","tag-luiz-henrique-mandetta","tag-nelson-teich","tag-noticias","tag-nova-soure","tag-novo-triunfo","tag-olindina","tag-paripiranga","tag-quijingue","tag-ribeira-do-amparo","tag-ribeira-do-pombal","tag-saude","tag-sitio-do-quinto","tag-tucano"],"aioseo_notices":[],"_links":{"self":[{"href":"https:\/\/www.portalalerta.com.br\/index.php\/wp-json\/wp\/v2\/posts\/31524","targetHints":{"allow":["GET"]}}],"collection":[{"href":"https:\/\/www.portalalerta.com.br\/index.php\/wp-json\/wp\/v2\/posts"}],"about":[{"href":"https:\/\/www.portalalerta.com.br\/index.php\/wp-json\/wp\/v2\/types\/post"}],"author":[{"embeddable":true,"href":"https:\/\/www.portalalerta.com.br\/index.php\/wp-json\/wp\/v2\/users\/2"}],"replies":[{"embeddable":true,"href":"https:\/\/www.portalalerta.com.br\/index.php\/wp-json\/wp\/v2\/comments?post=31524"}],"version-history":[{"count":1,"href":"https:\/\/www.portalalerta.com.br\/index.php\/wp-json\/wp\/v2\/posts\/31524\/revisions"}],"predecessor-version":[{"id":31526,"href":"https:\/\/www.portalalerta.com.br\/index.php\/wp-json\/wp\/v2\/posts\/31524\/revisions\/31526"}],"wp:featuredmedia":[{"embeddable":true,"href":"https:\/\/www.portalalerta.com.br\/index.php\/wp-json\/wp\/v2\/media\/31525"}],"wp:attachment":[{"href":"https:\/\/www.portalalerta.com.br\/index.php\/wp-json\/wp\/v2\/media?parent=31524"}],"wp:term":[{"taxonomy":"category","embeddable":true,"href":"https:\/\/www.portalalerta.com.br\/index.php\/wp-json\/wp\/v2\/categories?post=31524"},{"taxonomy":"post_tag","embeddable":true,"href":"https:\/\/www.portalalerta.com.br\/index.php\/wp-json\/wp\/v2\/tags?post=31524"}],"curies":[{"name":"wp","href":"https:\/\/api.w.org\/{rel}","templated":true}]}}