{"id":31528,"date":"2020-12-28T15:27:23","date_gmt":"2020-12-28T18:27:23","guid":{"rendered":"https:\/\/www.portalalerta.com.br\/?p=31528"},"modified":"2020-12-28T16:22:45","modified_gmt":"2020-12-28T19:22:45","slug":"homem-e-encontrado-morto-no-acude-de-ribeira-do-pombal-ba","status":"publish","type":"post","link":"https:\/\/www.portalalerta.com.br\/index.php\/2020\/12\/28\/homem-e-encontrado-morto-no-acude-de-ribeira-do-pombal-ba\/","title":{"rendered":"Homem \u00e9 encontrado morto no a\u00e7ude de Ribeira do Pombal-BA"},"content":{"rendered":"<p style=\"text-align: justify;\">Desde \u00e0s 13:00hs do \u00faltimo s\u00e1bado, 26, foi registrado o desaparecimento de um homem, ap\u00f3s este ter entrada no a\u00e7ude municipal de Ribeira do Pombal-BA.<!--more--><\/p>\n<p style=\"text-align: justify;\"><img fetchpriority=\"high\" decoding=\"async\" class=\"size-thumbnail wp-image-9394 alignleft\" src=\"https:\/\/www.portalalerta.com.br\/wp-content\/uploads\/2018\/07\/05elab-320x240.jpg\" alt=\"\" width=\"320\" height=\"240\" srcset=\"https:\/\/www.portalalerta.com.br\/wp-content\/uploads\/2018\/07\/05elab-320x240.jpg 320w, https:\/\/www.portalalerta.com.br\/wp-content\/uploads\/2018\/07\/05elab-195x146.jpg 195w, https:\/\/www.portalalerta.com.br\/wp-content\/uploads\/2018\/07\/05elab-50x38.jpg 50w, https:\/\/www.portalalerta.com.br\/wp-content\/uploads\/2018\/07\/05elab-100x75.jpg 100w, https:\/\/www.portalalerta.com.br\/wp-content\/uploads\/2018\/07\/05elab.jpg 400w\" sizes=\"(max-width: 320px) 100vw, 320px\" \/><\/p>\n<p style=\"text-align: justify;\">O fato foi informado \u00e0s autoridades policiais da cidade, por\u00e9m durante o restante do dia, o corpo n\u00e3o havia sido encontrado, o que aconteceu apenas no in\u00edcio da tarde de domingo, 27, quando dois moradores da regi\u00e3o o retirou do interior das \u00e1guas.<\/p>\n<p style=\"text-align: justify;\">O Departamento de Pol\u00edcia T\u00e9cnica (DPT \u2013 Euclides da Cunha), foi acionado para o translado do corpo para ser autopsiado.<\/p>\n<p style=\"text-align: justify;\">A Pol\u00edcia procura por mais detalhes a respeito da v\u00edtima, bem como dos seus familiares, tendo em vista que a mesma era moradora de rua, que foi identificada como Jos\u00e9 Adajailson dos Santos.<\/p>\n<p style=\"text-align: justify;\"><em>Reda\u00e7\u00e3o: Portal Alerta<\/em><\/p>\n<p style=\"text-align: justify;\"><em>#fiqueemcasa<\/em><\/p>\n<p style=\"text-align: justify;\"><em>#usemascaras<\/em><\/p>\n","protected":false},"excerpt":{"rendered":"<p>Desde \u00e0s 13:00hs do \u00faltimo s\u00e1bado, 26, foi registrado o desaparecimento de um homem, ap\u00f3s este ter entrada no a\u00e7ude municipal de Ribeira do Pombal-BA.<\/p>\n","protected":false},"author":2,"featured_media":31529,"comment_status":"open","ping_status":"open","sticky":false,"template":"","format":"standard","meta":{"om_disable_all_campaigns":false,"_monsterinsights_skip_tracking":false,"_monsterinsights_sitenote_active":false,"_monsterinsights_sitenote_note":"","_monsterinsights_sitenote_category":0,"footnotes":""},"categories":[70,69,32,3],"tags":[166,100,814,71,48,49,75,45,46,129,107,44,132,230,169,3828,106,203,120,51,109,88,47,111,190],"class_list":["post-31528","post","type-post","status-publish","format-standard","has-post-thumbnail","hentry","category-destaques","category-noticias2","category-regiao","category-ribeira-do-pombal","tag-acidente","tag-adustina","tag-afogamento","tag-antas","tag-araci","tag-banzae","tag-cicero-dantas","tag-cipo","tag-crisopolis","tag-euclides-da-cunha","tag-fatima","tag-heliopolis","tag-itapicuru","tag-jeremoabo","tag-morte","tag-noticias","tag-nova-soure","tag-novo-triunfo","tag-olindina","tag-paripiranga","tag-quijingue","tag-ribeira-do-amparo","tag-ribeira-do-pombal","tag-sitio-do-quinto","tag-tucano"],"aioseo_notices":[],"_links":{"self":[{"href":"https:\/\/www.portalalerta.com.br\/index.php\/wp-json\/wp\/v2\/posts\/31528","targetHints":{"allow":["GET"]}}],"collection":[{"href":"https:\/\/www.portalalerta.com.br\/index.php\/wp-json\/wp\/v2\/posts"}],"about":[{"href":"https:\/\/www.portalalerta.com.br\/index.php\/wp-json\/wp\/v2\/types\/post"}],"author":[{"embeddable":true,"href":"https:\/\/www.portalalerta.com.br\/index.php\/wp-json\/wp\/v2\/users\/2"}],"replies":[{"embeddable":true,"href":"https:\/\/www.portalalerta.com.br\/index.php\/wp-json\/wp\/v2\/comments?post=31528"}],"version-history":[{"count":3,"href":"https:\/\/www.portalalerta.com.br\/index.php\/wp-json\/wp\/v2\/posts\/31528\/revisions"}],"predecessor-version":[{"id":31532,"href":"https:\/\/www.portalalerta.com.br\/index.php\/wp-json\/wp\/v2\/posts\/31528\/revisions\/31532"}],"wp:featuredmedia":[{"embeddable":true,"href":"https:\/\/www.portalalerta.com.br\/index.php\/wp-json\/wp\/v2\/media\/31529"}],"wp:attachment":[{"href":"https:\/\/www.portalalerta.com.br\/index.php\/wp-json\/wp\/v2\/media?parent=31528"}],"wp:term":[{"taxonomy":"category","embeddable":true,"href":"https:\/\/www.portalalerta.com.br\/index.php\/wp-json\/wp\/v2\/categories?post=31528"},{"taxonomy":"post_tag","embeddable":true,"href":"https:\/\/www.portalalerta.com.br\/index.php\/wp-json\/wp\/v2\/tags?post=31528"}],"curies":[{"name":"wp","href":"https:\/\/api.w.org\/{rel}","templated":true}]}}