{"id":31536,"date":"2020-12-28T21:09:50","date_gmt":"2020-12-29T00:09:50","guid":{"rendered":"https:\/\/www.portalalerta.com.br\/?p=31536"},"modified":"2020-12-28T21:09:50","modified_gmt":"2020-12-29T00:09:50","slug":"felipe-neto-assina-acordo-no-ministerio-publico-e-tera-de-mudar-conduta-no-youtube","status":"publish","type":"post","link":"https:\/\/www.portalalerta.com.br\/index.php\/2020\/12\/28\/felipe-neto-assina-acordo-no-ministerio-publico-e-tera-de-mudar-conduta-no-youtube\/","title":{"rendered":"Felipe Neto assina acordo no Minist\u00e9rio P\u00fablico e ter\u00e1 de mudar conduta no YouTube"},"content":{"rendered":"<p style=\"text-align: justify;\">O empres\u00e1rio, influenciador e youtuber Felipe Neto, 32, ter\u00e1 de mudar a sua conduta no YouTube ap\u00f3s algumas den\u00fancias. Ele assinou um Termo de Ajustamento de Conduta (TAC) no qual se compromete a gravar e divulgar em seu canal v\u00eddeos sobre a tem\u00e1tica da classifica\u00e7\u00e3o indicativa no acesso \u00e0 internet com explica\u00e7\u00f5es a respeito das faixas et\u00e1rias.<!--more--><\/p>\n<p style=\"text-align: justify;\">O acordo foi assinado por meio de uma reuni\u00e3o virtual com Minist\u00e9rio P\u00fablico do Estado do Rio de Janeiro (MPRJ) pela 1\u00aa Promotoria de Justi\u00e7a de Tutela Coletiva da Inf\u00e2ncia e Juventude da Capital. O prazo para que Neto de adeque ao novo formato de v\u00eddeos \u00e9 de 60 dias.<\/p>\n<p style=\"text-align: justify;\">Segundo o MP, ele tem um prazo de 30 dia para fazer uma revis\u00e3o do conte\u00fado atualmente dispon\u00edvel em seu canal do Youtube de forma que seja mostrada a classifica\u00e7\u00e3o indicativa adequada no t\u00edtulo de todos seus v\u00eddeos.<\/p>\n<p style=\"text-align: justify;\">A atriz Antonia Fontenelle, 47, com quem Neto trava algumas disputas judiciais, comemorou a decis\u00e3o. Pelas redes sociais, ela considerou a novidade da Justi\u00e7a como um &#8220;presente de Natal&#8221;.<\/p>\n<p style=\"text-align: justify;\">&#8220;Meu presente de Natal. N\u00e3o h\u00e1 nada mais gratificante nessa vida do que constatar que est\u00e1 no caminho certo. Ningu\u00e9m assina acordo de d\u00edvida sem estar devendo&#8221;, escreveu ela ao agradecer aos promotores do caso. Na sequ\u00eancia, mandou um recado direto a Neto.<\/p>\n<p style=\"text-align: justify;\"><img fetchpriority=\"high\" decoding=\"async\" class=\"size-thumbnail wp-image-4869 aligncenter\" src=\"https:\/\/www.portalalerta.com.br\/wp-content\/uploads\/2018\/02\/Auto-Escola-Nobre-720x181.jpg\" alt=\"\" width=\"720\" height=\"181\" srcset=\"https:\/\/www.portalalerta.com.br\/wp-content\/uploads\/2018\/02\/Auto-Escola-Nobre.jpg 720w, https:\/\/www.portalalerta.com.br\/wp-content\/uploads\/2018\/02\/Auto-Escola-Nobre-260x65.jpg 260w, https:\/\/www.portalalerta.com.br\/wp-content\/uploads\/2018\/02\/Auto-Escola-Nobre-50x13.jpg 50w, https:\/\/www.portalalerta.com.br\/wp-content\/uploads\/2018\/02\/Auto-Escola-Nobre-150x38.jpg 150w\" sizes=\"(max-width: 720px) 100vw, 720px\" \/>&#8220;Preciso ser justa e parabenizar o Felipe Neto por reconhecer sua m\u00e1 conduta dentro do YouTube que de fato precisava ser ajustada. Ele se comprometeu a uma s\u00e9rie de ajustes e \u00e9 importante dizer que ficarei de olho se ele de fato vai cumpri-las.&#8221;<\/p>\n<h2 style=\"text-align: justify;\">DEFESA DE FELIPE NETO<\/h2>\n<p style=\"text-align: justify;\">Por meio de sua assessoria de imprensa, Felipe Neto informa que a assinatura de um Termo de Ajustamento de Conduta (TAC) com o Minist\u00e9rio P\u00fablico do Rio de Janeiro (MPRJ) tem o \u00fanico e exclusivo objetivo de tornar o comunicador digital um parceiro no que diz respeito \u00e0 prote\u00e7\u00e3o dos direitos de crian\u00e7as e adolescentes.<\/p>\n<p style=\"text-align: justify;\">Segundo ele, no pr\u00f3prio TAC, a Equipe T\u00e9cnica de peritos do Minist\u00e9rio P\u00fablico do Rio de Janeiro escreveu, a respeito dos supostos conte\u00fados impr\u00f3prios de Felipe Neto, que aparentemente &#8220;trata-se de montagem descontextualizada com finalidade de compartilhamento por grupos de interesses midi\u00e1ticos e de compartilhamento de informa\u00e7\u00f5es falsas com inten\u00e7\u00e3o de influenciar a opini\u00e3o p\u00fablica&#8221;.<\/p>\n<p style=\"text-align: justify;\">A nota conclui que &#8220;o documento apenas consolida as novas diretrizes e iniciativas que Felipe Neto j\u00e1 adotaria a partir de 2021 e que, por sua vez, seriam executadas muito antes da formaliza\u00e7\u00e3o do termo&#8221;. Essas normas, de acordo com Neto, dizem respeito ao uso de classifica\u00e7\u00e3o indicativa em seus v\u00eddeos, a cria\u00e7\u00e3o de um instituto sem fins lucrativos e a elabora\u00e7\u00e3o de um curso de educa\u00e7\u00e3o digital totalmente gratuito que ser\u00e1 administrado pela entidade.<\/p>\n<p style=\"text-align: justify;\"><em>Fonte: Yahoo Not\u00edcias<\/em><\/p>\n","protected":false},"excerpt":{"rendered":"<p>O empres\u00e1rio, influenciador e youtuber Felipe Neto, 32, ter\u00e1 de mudar a sua conduta no YouTube ap\u00f3s algumas den\u00fancias. Ele assinou um Termo de Ajustamento de Conduta (TAC) no qual se compromete a gravar e divulgar em seu canal v\u00eddeos sobre a tem\u00e1tica da classifica\u00e7\u00e3o indicativa no acesso \u00e0 internet com explica\u00e7\u00f5es a respeito das &hellip;<\/p>\n","protected":false},"author":2,"featured_media":31537,"comment_status":"open","ping_status":"open","sticky":false,"template":"","format":"standard","meta":{"om_disable_all_campaigns":false,"_monsterinsights_skip_tracking":false,"_monsterinsights_sitenote_active":false,"_monsterinsights_sitenote_note":"","_monsterinsights_sitenote_category":0,"footnotes":""},"categories":[34,70,69],"tags":[100,71,48,49,93,75,45,46,129,107,4097,44,132,230,352,3828,106,203,120,51,109,88,47,111,190],"class_list":["post-31536","post","type-post","status-publish","format-standard","has-post-thumbnail","hentry","category-brasil","category-destaques","category-noticias2","tag-adustina","tag-antas","tag-araci","tag-banzae","tag-brasil","tag-cicero-dantas","tag-cipo","tag-crisopolis","tag-euclides-da-cunha","tag-fatima","tag-felipe-neto","tag-heliopolis","tag-itapicuru","tag-jeremoabo","tag-ministerio-publico","tag-noticias","tag-nova-soure","tag-novo-triunfo","tag-olindina","tag-paripiranga","tag-quijingue","tag-ribeira-do-amparo","tag-ribeira-do-pombal","tag-sitio-do-quinto","tag-tucano"],"aioseo_notices":[],"_links":{"self":[{"href":"https:\/\/www.portalalerta.com.br\/index.php\/wp-json\/wp\/v2\/posts\/31536","targetHints":{"allow":["GET"]}}],"collection":[{"href":"https:\/\/www.portalalerta.com.br\/index.php\/wp-json\/wp\/v2\/posts"}],"about":[{"href":"https:\/\/www.portalalerta.com.br\/index.php\/wp-json\/wp\/v2\/types\/post"}],"author":[{"embeddable":true,"href":"https:\/\/www.portalalerta.com.br\/index.php\/wp-json\/wp\/v2\/users\/2"}],"replies":[{"embeddable":true,"href":"https:\/\/www.portalalerta.com.br\/index.php\/wp-json\/wp\/v2\/comments?post=31536"}],"version-history":[{"count":1,"href":"https:\/\/www.portalalerta.com.br\/index.php\/wp-json\/wp\/v2\/posts\/31536\/revisions"}],"predecessor-version":[{"id":31538,"href":"https:\/\/www.portalalerta.com.br\/index.php\/wp-json\/wp\/v2\/posts\/31536\/revisions\/31538"}],"wp:featuredmedia":[{"embeddable":true,"href":"https:\/\/www.portalalerta.com.br\/index.php\/wp-json\/wp\/v2\/media\/31537"}],"wp:attachment":[{"href":"https:\/\/www.portalalerta.com.br\/index.php\/wp-json\/wp\/v2\/media?parent=31536"}],"wp:term":[{"taxonomy":"category","embeddable":true,"href":"https:\/\/www.portalalerta.com.br\/index.php\/wp-json\/wp\/v2\/categories?post=31536"},{"taxonomy":"post_tag","embeddable":true,"href":"https:\/\/www.portalalerta.com.br\/index.php\/wp-json\/wp\/v2\/tags?post=31536"}],"curies":[{"name":"wp","href":"https:\/\/api.w.org\/{rel}","templated":true}]}}