{"id":3154,"date":"2017-12-21T15:51:03","date_gmt":"2017-12-21T17:51:03","guid":{"rendered":"http:\/\/www.portalalerta.com.br\/?p=3154"},"modified":"2017-12-21T15:51:03","modified_gmt":"2017-12-21T17:51:03","slug":"apos-seis-anos-pedra-volta-a-disputar-a-segunda-final-da-copa-rural-de-futebol-em-ribeira-do-pombal","status":"publish","type":"post","link":"https:\/\/www.portalalerta.com.br\/index.php\/2017\/12\/21\/apos-seis-anos-pedra-volta-a-disputar-a-segunda-final-da-copa-rural-de-futebol-em-ribeira-do-pombal\/","title":{"rendered":"Ap\u00f3s seis anos, Pedra volta a disputar a segunda final da Copa Rural de Futebol, em Ribeira do Pombal"},"content":{"rendered":"<div class=\"itemIntroText\" style=\"text-align: justify;\">\n<p>Na noite de quinta-feira, 07, a Copa Rural 2017, conheceu a primeira equipe finalista da competi\u00e7\u00e3o. Ap\u00f3s passar pela forte equipe do Pombalzinho, a Pedra entrou em campo pelas semifinais, contra o Cabur\u00e9.<\/p>\n<\/div>\n<p><!--more--><\/p>\n<div class=\"itemFullText\" style=\"text-align: justify;\">\n<p>Mais uma vez a Pedra foi superior em campo, vencendo a partida pelo placar de 4X2. Com o resultado a equipe volta a disputar mais uma final, depois de seis anos. Em 2011 foi vice-campe\u00e3, ao ser derrotada para o Logrador.<\/p>\n<p>Ao todo, 532 torcedores foram ao Complexo Esportivo Ferreira Brito (Ferreir\u00e3o), gerando uma renda de R$ 1.596,00.<\/p>\n<p><img decoding=\"async\" class=\"aligncenter\" src=\"http:\/\/pombalalerta.com.br\/images\/realnatal.jpg\" border=\"0\" \/>Agora os atletas da Pedra aguardam o vencedor da partida entre o Curralinho e o Novo Segredo que ser\u00e1 disputada \u00e0s 20:15hs desta sexta-feira, 08.<\/p>\n<p><a href=\"http:\/\/www.facebook.com.br\/pombalalerta\"><strong>Curta nossa p\u00e1gina no facebook, e continue atualizado sobre tudo o que acontece na Copa Rural 2017!\u00a0<\/strong><\/a><\/p>\n<p><strong><a href=\"https:\/\/play.google.com\/store\/apps\/details?id=com.globalstore.pombalalerta&amp;hl=pt_BR\">Baixe o nosso aplicativo, e fique de olho na not\u00edcia!<\/a><\/strong><\/p>\n<p><em>Reda\u00e7\u00e3o: Pombal Alerta<\/em><\/p>\n<\/div>\n","protected":false},"excerpt":{"rendered":"<p>Na noite de quinta-feira, 07, a Copa Rural 2017, conheceu a primeira equipe finalista da competi\u00e7\u00e3o. Ap\u00f3s passar pela forte equipe do Pombalzinho, a Pedra entrou em campo pelas semifinais, contra o Cabur\u00e9.<\/p>\n","protected":false},"author":2,"featured_media":2663,"comment_status":"closed","ping_status":"open","sticky":false,"template":"","format":"standard","meta":{"om_disable_all_campaigns":false,"_monsterinsights_skip_tracking":false,"_monsterinsights_sitenote_active":false,"_monsterinsights_sitenote_note":"","_monsterinsights_sitenote_category":0,"footnotes":""},"categories":[2,32,3],"tags":[99,98,96,97,47],"class_list":["post-3154","post","type-post","status-publish","format-standard","has-post-thumbnail","hentry","category-esportes","category-regiao","category-ribeira-do-pombal","tag-99","tag-copa-rural","tag-esporte","tag-futebol","tag-ribeira-do-pombal"],"aioseo_notices":[],"_links":{"self":[{"href":"https:\/\/www.portalalerta.com.br\/index.php\/wp-json\/wp\/v2\/posts\/3154","targetHints":{"allow":["GET"]}}],"collection":[{"href":"https:\/\/www.portalalerta.com.br\/index.php\/wp-json\/wp\/v2\/posts"}],"about":[{"href":"https:\/\/www.portalalerta.com.br\/index.php\/wp-json\/wp\/v2\/types\/post"}],"author":[{"embeddable":true,"href":"https:\/\/www.portalalerta.com.br\/index.php\/wp-json\/wp\/v2\/users\/2"}],"replies":[{"embeddable":true,"href":"https:\/\/www.portalalerta.com.br\/index.php\/wp-json\/wp\/v2\/comments?post=3154"}],"version-history":[{"count":0,"href":"https:\/\/www.portalalerta.com.br\/index.php\/wp-json\/wp\/v2\/posts\/3154\/revisions"}],"wp:featuredmedia":[{"embeddable":true,"href":"https:\/\/www.portalalerta.com.br\/index.php\/wp-json\/wp\/v2\/media\/2663"}],"wp:attachment":[{"href":"https:\/\/www.portalalerta.com.br\/index.php\/wp-json\/wp\/v2\/media?parent=3154"}],"wp:term":[{"taxonomy":"category","embeddable":true,"href":"https:\/\/www.portalalerta.com.br\/index.php\/wp-json\/wp\/v2\/categories?post=3154"},{"taxonomy":"post_tag","embeddable":true,"href":"https:\/\/www.portalalerta.com.br\/index.php\/wp-json\/wp\/v2\/tags?post=3154"}],"curies":[{"name":"wp","href":"https:\/\/api.w.org\/{rel}","templated":true}]}}