{"id":31543,"date":"2020-12-28T21:24:00","date_gmt":"2020-12-29T00:24:00","guid":{"rendered":"https:\/\/www.portalalerta.com.br\/?p=31543"},"modified":"2020-12-28T21:24:00","modified_gmt":"2020-12-29T00:24:00","slug":"bolsonaro-sanciona-regulamentacao-do-fundeb","status":"publish","type":"post","link":"https:\/\/www.portalalerta.com.br\/index.php\/2020\/12\/28\/bolsonaro-sanciona-regulamentacao-do-fundeb\/","title":{"rendered":"Bolsonaro sanciona regulamenta\u00e7\u00e3o do Fundeb"},"content":{"rendered":"<p style=\"text-align: justify;\">O presidente Jair Bolsonaro sancionou na \u00faltima sexta-feira, 25, o projeto de lei que regulamenta o Fundo de Manuten\u00e7\u00e3o e Desenvolvimento da Educa\u00e7\u00e3o B\u00e1sica e de Valoriza\u00e7\u00e3o dos Profissionais da Educa\u00e7\u00e3o (Fundeb), principal mecanismo de financiamento da educa\u00e7\u00e3o b\u00e1sica p\u00fablica no Brasil.<!--more--><\/p>\n<p style=\"text-align: justify;\">A lei, publicada em edi\u00e7\u00e3o extra do Di\u00e1rio Oficial da Uni\u00e3o, regulamenta a emenda \u00e0 Constitui\u00e7\u00e3o, aprovada em agosto, que tornou o Fundeb permanente, priorizou a educa\u00e7\u00e3o infantil e ampliou o volume de recursos repassados pela Uni\u00e3o a Estados e munic\u00edpios para pagar professores e outras despesas.<\/p>\n<p style=\"text-align: justify;\">O texto sancionado neste Natal define como ser\u00e1 o uso da divis\u00e3o dos recursos e como ocorrer\u00e1 o escalonamento da complementa\u00e7\u00e3o feita pela Uni\u00e3o para Estados e Munic\u00edpios. Nos pr\u00f3ximos seis anos, o governo federal far\u00e1 repasses com aumentos progressivos, come\u00e7ando com 12% em 2021 at\u00e9 alcan\u00e7ar 23% em 2026.<\/p>\n<div data-mvc-banner=\"leaderboard\"><\/div>\n<p><script type=\"text\/javascript\"> (function(storeName) { var b = document.createElement('script'); b.type = 'text\/javascript'; b.async = true; b.src = 'https:\/\/www.magazinevoce.com.br\/js\/banner.js?store='+ storeName; var s = document.getElementsByTagName('script')[0]; s.parentNode.insertBefore(b, s); })('Nvscosta'); <\/script><\/p>\n<p style=\"text-align: justify;\">A lei atrela a distribui\u00e7\u00e3o dos recursos em rela\u00e7\u00e3o ao n\u00famero de matr\u00edculas e aos indicadores da educa\u00e7\u00e3o. Al\u00e9m disso, o texto tamb\u00e9m determina como ser\u00e1 feito o monitoramento do desempenho escolar e a fiscaliza\u00e7\u00e3o do uso das verbas.<\/p>\n<p style=\"text-align: justify;\">Caber\u00e1 \u00e0 Comiss\u00e3o Intergovernamental de Financiamento para a Educa\u00e7\u00e3o B\u00e1sica de Qualidade especificar as novas pondera\u00e7\u00f5es relativas ao n\u00edvel socioecon\u00f4mico dos alunos, aos indicadores de disponibilidade de recursos vinculados \u00e0 educa\u00e7\u00e3o e aos indicadores de potencial de arrecada\u00e7\u00e3o tribut\u00e1ria de estados e munic\u00edpios. O texto tamb\u00e9m refor\u00e7a a atua\u00e7\u00e3o dos Conselhos de Acompanhamento e de Controle Social, que fazem o acompanhamento do Fundeb.<\/p>\n<p style=\"text-align: justify;\">O projeto de lei tamb\u00e9m obriga que Estados e munic\u00edpios informem os dados necess\u00e1rios em sistema de informa\u00e7\u00f5es da educa\u00e7\u00e3o para ter acesso ao fundo. Em caso de n\u00e3o cumprimento, transfer\u00eancias volunt\u00e1rias e contra\u00e7\u00e3o de opera\u00e7\u00f5es de cr\u00e9ditos podem ser suspensas.<\/p>\n<p style=\"text-align: justify;\">&#8220;A san\u00e7\u00e3o presidencial ao projeto representa um importante avan\u00e7o da legisla\u00e7\u00e3o no sentido de tentar assegurar de modo perene o repasse de recursos para os fins atinentes ao desenvolvimento da educa\u00e7\u00e3o b\u00e1sica e da valoriza\u00e7\u00e3o dos profissionais que a operacionalizam&#8221;, informou o Pal\u00e1cio do Planalto.<\/p>\n<p style=\"text-align: justify;\"><em>Fonte: R\u00e1dio Gazeta Pombal<\/em><\/p>\n","protected":false},"excerpt":{"rendered":"<p>O presidente Jair Bolsonaro sancionou na \u00faltima sexta-feira, 25, o projeto de lei que regulamenta o Fundo de Manuten\u00e7\u00e3o e Desenvolvimento da Educa\u00e7\u00e3o B\u00e1sica e de Valoriza\u00e7\u00e3o dos Profissionais da Educa\u00e7\u00e3o (Fundeb), principal mecanismo de financiamento da educa\u00e7\u00e3o b\u00e1sica p\u00fablica no Brasil.<\/p>\n","protected":false},"author":2,"featured_media":27426,"comment_status":"open","ping_status":"open","sticky":false,"template":"","format":"standard","meta":{"om_disable_all_campaigns":false,"_monsterinsights_skip_tracking":false,"_monsterinsights_sitenote_active":false,"_monsterinsights_sitenote_note":"","_monsterinsights_sitenote_category":0,"footnotes":""},"categories":[34,70,20,69,21],"tags":[100,71,48,49,93,75,45,46,140,129,107,2136,44,132,1395,230,3828,106,203,120,51,1152,109,88,47,111,190],"class_list":["post-31543","post","type-post","status-publish","format-standard","has-post-thumbnail","hentry","category-brasil","category-destaques","category-educacao","category-noticias2","category-politica","tag-adustina","tag-antas","tag-araci","tag-banzae","tag-brasil","tag-cicero-dantas","tag-cipo","tag-crisopolis","tag-educacao","tag-euclides-da-cunha","tag-fatima","tag-fundeb","tag-heliopolis","tag-itapicuru","tag-jair-bolsonaro","tag-jeremoabo","tag-noticias","tag-nova-soure","tag-novo-triunfo","tag-olindina","tag-paripiranga","tag-presidente-da-republica","tag-quijingue","tag-ribeira-do-amparo","tag-ribeira-do-pombal","tag-sitio-do-quinto","tag-tucano"],"aioseo_notices":[],"_links":{"self":[{"href":"https:\/\/www.portalalerta.com.br\/index.php\/wp-json\/wp\/v2\/posts\/31543","targetHints":{"allow":["GET"]}}],"collection":[{"href":"https:\/\/www.portalalerta.com.br\/index.php\/wp-json\/wp\/v2\/posts"}],"about":[{"href":"https:\/\/www.portalalerta.com.br\/index.php\/wp-json\/wp\/v2\/types\/post"}],"author":[{"embeddable":true,"href":"https:\/\/www.portalalerta.com.br\/index.php\/wp-json\/wp\/v2\/users\/2"}],"replies":[{"embeddable":true,"href":"https:\/\/www.portalalerta.com.br\/index.php\/wp-json\/wp\/v2\/comments?post=31543"}],"version-history":[{"count":1,"href":"https:\/\/www.portalalerta.com.br\/index.php\/wp-json\/wp\/v2\/posts\/31543\/revisions"}],"predecessor-version":[{"id":31544,"href":"https:\/\/www.portalalerta.com.br\/index.php\/wp-json\/wp\/v2\/posts\/31543\/revisions\/31544"}],"wp:featuredmedia":[{"embeddable":true,"href":"https:\/\/www.portalalerta.com.br\/index.php\/wp-json\/wp\/v2\/media\/27426"}],"wp:attachment":[{"href":"https:\/\/www.portalalerta.com.br\/index.php\/wp-json\/wp\/v2\/media?parent=31543"}],"wp:term":[{"taxonomy":"category","embeddable":true,"href":"https:\/\/www.portalalerta.com.br\/index.php\/wp-json\/wp\/v2\/categories?post=31543"},{"taxonomy":"post_tag","embeddable":true,"href":"https:\/\/www.portalalerta.com.br\/index.php\/wp-json\/wp\/v2\/tags?post=31543"}],"curies":[{"name":"wp","href":"https:\/\/api.w.org\/{rel}","templated":true}]}}