{"id":31548,"date":"2020-12-29T10:45:21","date_gmt":"2020-12-29T13:45:21","guid":{"rendered":"https:\/\/www.portalalerta.com.br\/?p=31548"},"modified":"2020-12-29T10:45:21","modified_gmt":"2020-12-29T13:45:21","slug":"contra-doria-bolsonaro-cogita-ate-voto-em-lula-diz-colunista","status":"publish","type":"post","link":"https:\/\/www.portalalerta.com.br\/index.php\/2020\/12\/29\/contra-doria-bolsonaro-cogita-ate-voto-em-lula-diz-colunista\/","title":{"rendered":"Contra Doria, Bolsonaro cogita at\u00e9 voto em Lula, diz colunista"},"content":{"rendered":"<p style=\"text-align: justify;\">O presidente\u00a0Jair Bolsonaro\u00a0(sem partido), em \u201cguerra\u201d pol\u00edtica pela vacina contra o\u00a0novo coronav\u00edrus, admitiu que votaria at\u00e9 no ex-presidente Luiz In\u00e1cio Lula da Silva (PT) para n\u00e3o eleger Jo\u00e3o Doria (PSDB), governador de S\u00e3o Paulo.<!--more--><\/p>\n<p style=\"text-align: justify;\">Segundo o colunista Lauro Jardim, do jornal O Globo, Bolsonaro teria exclamado a um interlocutor que citou o nome de Doria no Pal\u00e1cio do Planalto: \u201cSou capaz de votar no Lula, mas n\u00e3o voto nesse Doria de jeito nenhum\u201d.<\/p>\n<p style=\"text-align: justify;\"><img fetchpriority=\"high\" decoding=\"async\" class=\"size-thumbnail wp-image-4869 aligncenter\" src=\"https:\/\/www.portalalerta.com.br\/wp-content\/uploads\/2018\/02\/Auto-Escola-Nobre-720x181.jpg\" alt=\"\" width=\"720\" height=\"181\" srcset=\"https:\/\/www.portalalerta.com.br\/wp-content\/uploads\/2018\/02\/Auto-Escola-Nobre.jpg 720w, https:\/\/www.portalalerta.com.br\/wp-content\/uploads\/2018\/02\/Auto-Escola-Nobre-260x65.jpg 260w, https:\/\/www.portalalerta.com.br\/wp-content\/uploads\/2018\/02\/Auto-Escola-Nobre-50x13.jpg 50w, https:\/\/www.portalalerta.com.br\/wp-content\/uploads\/2018\/02\/Auto-Escola-Nobre-150x38.jpg 150w\" sizes=\"(max-width: 720px) 100vw, 720px\" \/>Durante live realizada na noite de Natal, na \u00faltima quinta-feira (24), Bolsonaro estimulou um ataque a tiros contra Doria ao defender a libera\u00e7\u00e3o das armas.<\/p>\n<p style=\"text-align: justify;\">\u201cCom o povo armado, acaba essa brincadeirinha de \u2018vai ficar todo mundo em casa e vou passear em Miami\u2019. Pelo amor de Deus, \u2018calcinha apertada\u2019, isso n\u00e3o \u00e9 coisa de homem. Vai fechar S\u00e3o Paulo e passear em Miami? Que neg\u00f3cio \u00e9 esse? \u00c9 coisa de quem tem calcinha apertada. O povo tem que ter arma porque arma \u00e9 garantia de liberdade\u201d, disse o presidente.<\/p>\n<p style=\"text-align: justify;\">Aliados em 2018, com direito \u00e0 express\u00e3o \u201cBolsoDoria\u201d, Bolsonaro e Doria viraram inimigos pol\u00edticos durante a pandemia de coronav\u00edrus. Enquanto o governador restringia a circula\u00e7\u00e3o de pessoas para evitar a propaga\u00e7\u00e3o do v\u00edrus causador da Covid-19, o presidente adotou uma narrativa negacionista, duvidando da gravidade da doen\u00e7a e desdenhando das mortes, que ultrapassaram a marca de 190 mil na noite de Natal.<\/p>\n<p style=\"text-align: justify;\"><em>Fonte: Yahoo Not\u00edcias<\/em><\/p>\n","protected":false},"excerpt":{"rendered":"<p>O presidente\u00a0Jair Bolsonaro\u00a0(sem partido), em \u201cguerra\u201d pol\u00edtica pela vacina contra o\u00a0novo coronav\u00edrus, admitiu que votaria at\u00e9 no ex-presidente Luiz In\u00e1cio Lula da Silva (PT) para n\u00e3o eleger Jo\u00e3o Doria (PSDB), governador de S\u00e3o Paulo.<\/p>\n","protected":false},"author":2,"featured_media":31549,"comment_status":"open","ping_status":"open","sticky":false,"template":"","format":"standard","meta":{"om_disable_all_campaigns":false,"_monsterinsights_skip_tracking":false,"_monsterinsights_sitenote_active":false,"_monsterinsights_sitenote_note":"","_monsterinsights_sitenote_category":0,"footnotes":""},"categories":[34,70,69,21],"tags":[100,71,48,49,93,75,45,46,129,107,44,132,1395,230,1591,303,3828,106,203,120,51,109,88,47,111,190],"class_list":["post-31548","post","type-post","status-publish","format-standard","has-post-thumbnail","hentry","category-brasil","category-destaques","category-noticias2","category-politica","tag-adustina","tag-antas","tag-araci","tag-banzae","tag-brasil","tag-cicero-dantas","tag-cipo","tag-crisopolis","tag-euclides-da-cunha","tag-fatima","tag-heliopolis","tag-itapicuru","tag-jair-bolsonaro","tag-jeremoabo","tag-joao-doria","tag-lula","tag-noticias","tag-nova-soure","tag-novo-triunfo","tag-olindina","tag-paripiranga","tag-quijingue","tag-ribeira-do-amparo","tag-ribeira-do-pombal","tag-sitio-do-quinto","tag-tucano"],"aioseo_notices":[],"_links":{"self":[{"href":"https:\/\/www.portalalerta.com.br\/index.php\/wp-json\/wp\/v2\/posts\/31548","targetHints":{"allow":["GET"]}}],"collection":[{"href":"https:\/\/www.portalalerta.com.br\/index.php\/wp-json\/wp\/v2\/posts"}],"about":[{"href":"https:\/\/www.portalalerta.com.br\/index.php\/wp-json\/wp\/v2\/types\/post"}],"author":[{"embeddable":true,"href":"https:\/\/www.portalalerta.com.br\/index.php\/wp-json\/wp\/v2\/users\/2"}],"replies":[{"embeddable":true,"href":"https:\/\/www.portalalerta.com.br\/index.php\/wp-json\/wp\/v2\/comments?post=31548"}],"version-history":[{"count":1,"href":"https:\/\/www.portalalerta.com.br\/index.php\/wp-json\/wp\/v2\/posts\/31548\/revisions"}],"predecessor-version":[{"id":31550,"href":"https:\/\/www.portalalerta.com.br\/index.php\/wp-json\/wp\/v2\/posts\/31548\/revisions\/31550"}],"wp:featuredmedia":[{"embeddable":true,"href":"https:\/\/www.portalalerta.com.br\/index.php\/wp-json\/wp\/v2\/media\/31549"}],"wp:attachment":[{"href":"https:\/\/www.portalalerta.com.br\/index.php\/wp-json\/wp\/v2\/media?parent=31548"}],"wp:term":[{"taxonomy":"category","embeddable":true,"href":"https:\/\/www.portalalerta.com.br\/index.php\/wp-json\/wp\/v2\/categories?post=31548"},{"taxonomy":"post_tag","embeddable":true,"href":"https:\/\/www.portalalerta.com.br\/index.php\/wp-json\/wp\/v2\/tags?post=31548"}],"curies":[{"name":"wp","href":"https:\/\/api.w.org\/{rel}","templated":true}]}}