{"id":31551,"date":"2020-12-29T10:47:18","date_gmt":"2020-12-29T13:47:18","guid":{"rendered":"https:\/\/www.portalalerta.com.br\/?p=31551"},"modified":"2020-12-29T10:47:18","modified_gmt":"2020-12-29T13:47:18","slug":"como-ficara-a-realizacao-das-provas-do-enem-em-ribeira-do-pombal-ba-apos-suspensao-de-concurso-publico","status":"publish","type":"post","link":"https:\/\/www.portalalerta.com.br\/index.php\/2020\/12\/29\/como-ficara-a-realizacao-das-provas-do-enem-em-ribeira-do-pombal-ba-apos-suspensao-de-concurso-publico\/","title":{"rendered":"Como ficar\u00e1 a realiza\u00e7\u00e3o das Provas do ENEM em Ribeira do Pombal-BA, ap\u00f3s suspens\u00e3o de Concurso P\u00fablico?"},"content":{"rendered":"<p style=\"text-align: justify;\">No s\u00e1bado, 12 de dezembro 2020, atendendo solicita\u00e7\u00e3o do Minist\u00e9rio P\u00fablico da Bahia, o Desembargador do TJ-BA, Emilio Salom\u00e3o Resed\u00e1, suspendeu a realiza\u00e7\u00e3o das provas do concurso da Prefeitura de Ribeira do Pombal-BA, que seriam realizadas no domingo, 13 de dezembro 2020, com mais de 6.500 candidatos inscritos.<!--more--><\/p>\n<p style=\"text-align: justify;\"><img fetchpriority=\"high\" decoding=\"async\" class=\"size-thumbnail wp-image-31138 aligncenter\" src=\"https:\/\/www.portalalerta.com.br\/wp-content\/uploads\/2020\/12\/Real-natal-2020-720x92.jpeg\" alt=\"\" width=\"720\" height=\"92\" \/>O Governo Federal est\u00e1 anunciando as provas do ENEM para dois finais de semana em janeiro 2021, e como em todas as edi\u00e7\u00f5es, Ribeira do Pombal deve ser uma das sedes para serem realizadas as provas. Como a alega\u00e7\u00e3o da justi\u00e7a baiana foi a situa\u00e7\u00e3o do COVID-19 no munic\u00edpio, no Estado da Bahia, e no Brasil, para suspender as provas do concurso pombalense, e desde ent\u00e3o, as coisas s\u00f3 fizeram piorar, ficam as d\u00favidas: O Minist\u00e9rio P\u00fablico e o Presidente do TJ Bahia v\u00e3o permitir a realiza\u00e7\u00e3o das provas do ENEM em Ribeira do Pombal? Realizadas as provas do ENEM, a empresa j\u00e1 pode remarcar a data para as provas do concurso da Prefeitura de Ribeira do Pombal?<\/p>\n<p style=\"text-align: justify;\"><em>Por Joilson Costa<\/em><\/p>\n","protected":false},"excerpt":{"rendered":"<p>No s\u00e1bado, 12 de dezembro 2020, atendendo solicita\u00e7\u00e3o do Minist\u00e9rio P\u00fablico da Bahia, o Desembargador do TJ-BA, Emilio Salom\u00e3o Resed\u00e1, suspendeu a realiza\u00e7\u00e3o das provas do concurso da Prefeitura de Ribeira do Pombal-BA, que seriam realizadas no domingo, 13 de dezembro 2020, com mais de 6.500 candidatos inscritos.<\/p>\n","protected":false},"author":2,"featured_media":4029,"comment_status":"open","ping_status":"open","sticky":false,"template":"","format":"standard","meta":{"om_disable_all_campaigns":false,"_monsterinsights_skip_tracking":false,"_monsterinsights_sitenote_active":false,"_monsterinsights_sitenote_note":"","_monsterinsights_sitenote_category":0,"footnotes":""},"categories":[70,20,69,32,3,19],"tags":[100,71,48,49,75,45,3034,3429,3486,46,220,129,107,44,132,230,3828,106,203,120,51,109,88,47,61,111,622,190],"class_list":["post-31551","post","type-post","status-publish","format-standard","has-post-thumbnail","hentry","category-destaques","category-educacao","category-noticias2","category-regiao","category-ribeira-do-pombal","category-saude","tag-adustina","tag-antas","tag-araci","tag-banzae","tag-cicero-dantas","tag-cipo","tag-concurso-publico","tag-coronavirus","tag-covid-19","tag-crisopolis","tag-enem","tag-euclides-da-cunha","tag-fatima","tag-heliopolis","tag-itapicuru","tag-jeremoabo","tag-noticias","tag-nova-soure","tag-novo-triunfo","tag-olindina","tag-paripiranga","tag-quijingue","tag-ribeira-do-amparo","tag-ribeira-do-pombal","tag-saude","tag-sitio-do-quinto","tag-tj-ba","tag-tucano"],"aioseo_notices":[],"_links":{"self":[{"href":"https:\/\/www.portalalerta.com.br\/index.php\/wp-json\/wp\/v2\/posts\/31551","targetHints":{"allow":["GET"]}}],"collection":[{"href":"https:\/\/www.portalalerta.com.br\/index.php\/wp-json\/wp\/v2\/posts"}],"about":[{"href":"https:\/\/www.portalalerta.com.br\/index.php\/wp-json\/wp\/v2\/types\/post"}],"author":[{"embeddable":true,"href":"https:\/\/www.portalalerta.com.br\/index.php\/wp-json\/wp\/v2\/users\/2"}],"replies":[{"embeddable":true,"href":"https:\/\/www.portalalerta.com.br\/index.php\/wp-json\/wp\/v2\/comments?post=31551"}],"version-history":[{"count":1,"href":"https:\/\/www.portalalerta.com.br\/index.php\/wp-json\/wp\/v2\/posts\/31551\/revisions"}],"predecessor-version":[{"id":31552,"href":"https:\/\/www.portalalerta.com.br\/index.php\/wp-json\/wp\/v2\/posts\/31551\/revisions\/31552"}],"wp:featuredmedia":[{"embeddable":true,"href":"https:\/\/www.portalalerta.com.br\/index.php\/wp-json\/wp\/v2\/media\/4029"}],"wp:attachment":[{"href":"https:\/\/www.portalalerta.com.br\/index.php\/wp-json\/wp\/v2\/media?parent=31551"}],"wp:term":[{"taxonomy":"category","embeddable":true,"href":"https:\/\/www.portalalerta.com.br\/index.php\/wp-json\/wp\/v2\/categories?post=31551"},{"taxonomy":"post_tag","embeddable":true,"href":"https:\/\/www.portalalerta.com.br\/index.php\/wp-json\/wp\/v2\/tags?post=31551"}],"curies":[{"name":"wp","href":"https:\/\/api.w.org\/{rel}","templated":true}]}}