{"id":31553,"date":"2020-12-29T10:49:13","date_gmt":"2020-12-29T13:49:13","guid":{"rendered":"https:\/\/www.portalalerta.com.br\/?p=31553"},"modified":"2020-12-29T10:49:13","modified_gmt":"2020-12-29T13:49:13","slug":"com-covid-19-mourao-tem-bom-estado-de-saude-diz-assessoria","status":"publish","type":"post","link":"https:\/\/www.portalalerta.com.br\/index.php\/2020\/12\/29\/com-covid-19-mourao-tem-bom-estado-de-saude-diz-assessoria\/","title":{"rendered":"Com Covid-19, Mour\u00e3o tem &#8216;bom&#8217; estado de sa\u00fade, diz assessoria"},"content":{"rendered":"<p style=\"text-align: justify;\">A assessoria de Comunica\u00e7\u00e3o Social da Vice-Presid\u00eancia da Rep\u00fablica informou que o vice-presidente Hamilton Mour\u00e3o, que foi diagnosticado com Covid-19, apresenta &#8220;bom&#8221; estado de sa\u00fade. A informa\u00e7\u00e3o foi divulgada ap\u00f3s o boletim inicial n\u00e3o apresentar informa\u00e7\u00f5es sobre o estado de sa\u00fade do militar.<!--more--><\/p>\n<div data-mvc-banner=\"leaderboard\"><\/div>\n<p><script type=\"text\/javascript\"> (function(storeName) { var b = document.createElement('script'); b.type = 'text\/javascript'; b.async = true; b.src = 'https:\/\/www.magazinevoce.com.br\/js\/banner.js?store='+ storeName; var s = document.getElementsByTagName('script')[0]; s.parentNode.insertBefore(b, s); })('Nvscosta'); <\/script><\/p>\n<p>Mour\u00e3o foi diagnosticado ontem (27). &#8220;O estado geral de sa\u00fade do Vice-Presidente da Rep\u00fablica \u00e9 bom, encontrando-se em isolamento na resid\u00eancia oficial do Jaburu&#8221;, diz a nota desta segunda-feira (28).<\/p>\n<p style=\"text-align: justify;\">Al\u00e9m do estado de sa\u00fade atual, a assessoria informou que Mour\u00e3o apresentou mialgia (dor no corpo), cefal\u00e9ia (dor de cabe\u00e7a) e febre, que n\u00e3o passou de 38 graus. A nota tamb\u00e9m informa que Mour\u00e3o est\u00e1 sendo medicado.<\/p>\n<p style=\"text-align: justify;\"><em>Fonte: Metro1<\/em><\/p>\n","protected":false},"excerpt":{"rendered":"<p>A assessoria de Comunica\u00e7\u00e3o Social da Vice-Presid\u00eancia da Rep\u00fablica informou que o vice-presidente Hamilton Mour\u00e3o, que foi diagnosticado com Covid-19, apresenta &#8220;bom&#8221; estado de sa\u00fade. A informa\u00e7\u00e3o foi divulgada ap\u00f3s o boletim inicial n\u00e3o apresentar informa\u00e7\u00f5es sobre o estado de sa\u00fade do militar.<\/p>\n","protected":false},"author":2,"featured_media":30753,"comment_status":"open","ping_status":"open","sticky":false,"template":"","format":"standard","meta":{"om_disable_all_campaigns":false,"_monsterinsights_skip_tracking":false,"_monsterinsights_sitenote_active":false,"_monsterinsights_sitenote_note":"","_monsterinsights_sitenote_category":0,"footnotes":""},"categories":[34,70,69,21,19],"tags":[100,71,48,49,93,75,45,3429,3486,46,129,107,1719,44,132,230,3828,106,203,120,51,109,88,47,111,190,2067],"class_list":["post-31553","post","type-post","status-publish","format-standard","has-post-thumbnail","hentry","category-brasil","category-destaques","category-noticias2","category-politica","category-saude","tag-adustina","tag-antas","tag-araci","tag-banzae","tag-brasil","tag-cicero-dantas","tag-cipo","tag-coronavirus","tag-covid-19","tag-crisopolis","tag-euclides-da-cunha","tag-fatima","tag-general-mourao","tag-heliopolis","tag-itapicuru","tag-jeremoabo","tag-noticias","tag-nova-soure","tag-novo-triunfo","tag-olindina","tag-paripiranga","tag-quijingue","tag-ribeira-do-amparo","tag-ribeira-do-pombal","tag-sitio-do-quinto","tag-tucano","tag-vice-presidente"],"aioseo_notices":[],"_links":{"self":[{"href":"https:\/\/www.portalalerta.com.br\/index.php\/wp-json\/wp\/v2\/posts\/31553","targetHints":{"allow":["GET"]}}],"collection":[{"href":"https:\/\/www.portalalerta.com.br\/index.php\/wp-json\/wp\/v2\/posts"}],"about":[{"href":"https:\/\/www.portalalerta.com.br\/index.php\/wp-json\/wp\/v2\/types\/post"}],"author":[{"embeddable":true,"href":"https:\/\/www.portalalerta.com.br\/index.php\/wp-json\/wp\/v2\/users\/2"}],"replies":[{"embeddable":true,"href":"https:\/\/www.portalalerta.com.br\/index.php\/wp-json\/wp\/v2\/comments?post=31553"}],"version-history":[{"count":1,"href":"https:\/\/www.portalalerta.com.br\/index.php\/wp-json\/wp\/v2\/posts\/31553\/revisions"}],"predecessor-version":[{"id":31554,"href":"https:\/\/www.portalalerta.com.br\/index.php\/wp-json\/wp\/v2\/posts\/31553\/revisions\/31554"}],"wp:featuredmedia":[{"embeddable":true,"href":"https:\/\/www.portalalerta.com.br\/index.php\/wp-json\/wp\/v2\/media\/30753"}],"wp:attachment":[{"href":"https:\/\/www.portalalerta.com.br\/index.php\/wp-json\/wp\/v2\/media?parent=31553"}],"wp:term":[{"taxonomy":"category","embeddable":true,"href":"https:\/\/www.portalalerta.com.br\/index.php\/wp-json\/wp\/v2\/categories?post=31553"},{"taxonomy":"post_tag","embeddable":true,"href":"https:\/\/www.portalalerta.com.br\/index.php\/wp-json\/wp\/v2\/tags?post=31553"}],"curies":[{"name":"wp","href":"https:\/\/api.w.org\/{rel}","templated":true}]}}