{"id":31555,"date":"2020-12-29T10:51:04","date_gmt":"2020-12-29T13:51:04","guid":{"rendered":"https:\/\/www.portalalerta.com.br\/?p=31555"},"modified":"2020-12-29T10:51:04","modified_gmt":"2020-12-29T13:51:04","slug":"em-visita-a-unidades-de-saude-prefeito-eleito-anuncia-a-propria-genitora-como-secretaria-de-saude-em-tucano-ba","status":"publish","type":"post","link":"https:\/\/www.portalalerta.com.br\/index.php\/2020\/12\/29\/em-visita-a-unidades-de-saude-prefeito-eleito-anuncia-a-propria-genitora-como-secretaria-de-saude-em-tucano-ba\/","title":{"rendered":"Em visita \u00e0 Unidades de Sa\u00fade, prefeito eleito anuncia a pr\u00f3pria genitora como Secret\u00e1ria de Sa\u00fade, em Tucano-BA"},"content":{"rendered":"<p style=\"text-align: justify;\">Ricardo Maia (PSD) prefeito eleito de Tucano-BA, visitou em pleno feriado de Natal algumas unidades de sa\u00fade do munic\u00edpio. Acompanhado de membros da equipe que far\u00e1 parte da secretaria de Sa\u00fade, Ricardo esteve nos dias 25 e 26, nas unidades de Caldas do Jorro e de alguns povoados, al\u00e9m de visitar novamente o Hospital Mariana Penedo.<!--more--><\/p>\n<p style=\"text-align: justify;\"><img fetchpriority=\"high\" decoding=\"async\" class=\"size-thumbnail wp-image-9394 alignleft\" src=\"https:\/\/www.portalalerta.com.br\/wp-content\/uploads\/2018\/07\/05elab-320x240.jpg\" alt=\"\" width=\"320\" height=\"240\" srcset=\"https:\/\/www.portalalerta.com.br\/wp-content\/uploads\/2018\/07\/05elab-320x240.jpg 320w, https:\/\/www.portalalerta.com.br\/wp-content\/uploads\/2018\/07\/05elab-195x146.jpg 195w, https:\/\/www.portalalerta.com.br\/wp-content\/uploads\/2018\/07\/05elab-50x38.jpg 50w, https:\/\/www.portalalerta.com.br\/wp-content\/uploads\/2018\/07\/05elab-100x75.jpg 100w, https:\/\/www.portalalerta.com.br\/wp-content\/uploads\/2018\/07\/05elab.jpg 400w\" sizes=\"(max-width: 320px) 100vw, 320px\" \/>Desde que foi eleito, o prefeito tem se mostrado preocupado com a \u00e1rea da sa\u00fade, no in\u00edcio deste m\u00eas acompanhado da equipe de transi\u00e7\u00e3o, Ricardo visitou a secretaria de sa\u00fade e o Hospital Municipal.<\/p>\n<p style=\"text-align: justify;\">Ricardo Maia que \u00e9 o prefeito eleito mais jovem da Bahia fez uma publica\u00e7\u00e3o nas redes sociais \u201cOntem e hoje (25 e 26), visitamos com muita aten\u00e7\u00e3o e cuidado as unidades de sa\u00fade de Caldas do Jorro, Jorrinho, Tracup\u00e1 e Arapu\u00e1, al\u00e9m do Hospital Municipal Mariana Penedo da sede tucanense. Participaram da visita a futura secret\u00e1ria da Sa\u00fade de Tucano, minha querida m\u00e3e Denise Correia, e membros da equipe t\u00e9cnica que compor\u00e1 a pasta. Pude contar com a presen\u00e7a e o apoio de meu pai, Ricardo Maia, prefeito de Ribeira do Pombal. A transi\u00e7\u00e3o est\u00e1 a todo vapor e o trabalho para a Tucano do futuro n\u00e3o para\u201d.<\/p>\n<p style=\"text-align: justify;\">Ricardo Maia foi eleito dia 15 de novembro, diplomado dia 17 de dezembro e vai assumir o poder Executivo do munic\u00edpio no dia 1\u00ba de janeiro de 2021, data em que tamb\u00e9m assumir\u00e3o os vereadores eleitos e ser\u00e1 realizada a escolha do presidente e da mesa diretora da c\u00e2mara municipal.<\/p>\n<p style=\"text-align: justify;\"><em>Fonte: Fique Por Dentro Agora<\/em><\/p>\n","protected":false},"excerpt":{"rendered":"<p>Ricardo Maia (PSD) prefeito eleito de Tucano-BA, visitou em pleno feriado de Natal algumas unidades de sa\u00fade do munic\u00edpio. Acompanhado de membros da equipe que far\u00e1 parte da secretaria de Sa\u00fade, Ricardo esteve nos dias 25 e 26, nas unidades de Caldas do Jorro e de alguns povoados, al\u00e9m de visitar novamente o Hospital Mariana &hellip;<\/p>\n","protected":false},"author":2,"featured_media":31556,"comment_status":"open","ping_status":"open","sticky":false,"template":"","format":"standard","meta":{"om_disable_all_campaigns":false,"_monsterinsights_skip_tracking":false,"_monsterinsights_sitenote_active":false,"_monsterinsights_sitenote_note":"","_monsterinsights_sitenote_category":0,"footnotes":""},"categories":[70,69,21,32,19,12],"tags":[100,71,48,49,75,45,46,129,107,44,132,230,3828,106,203,120,51,198,961,109,88,47,3908,433,111,190],"class_list":["post-31555","post","type-post","status-publish","format-standard","has-post-thumbnail","hentry","category-destaques","category-noticias2","category-politica","category-regiao","category-saude","category-tucano","tag-adustina","tag-antas","tag-araci","tag-banzae","tag-cicero-dantas","tag-cipo","tag-crisopolis","tag-euclides-da-cunha","tag-fatima","tag-heliopolis","tag-itapicuru","tag-jeremoabo","tag-noticias","tag-nova-soure","tag-novo-triunfo","tag-olindina","tag-paripiranga","tag-prefeito","tag-psd","tag-quijingue","tag-ribeira-do-amparo","tag-ribeira-do-pombal","tag-ricardo-maia-filho","tag-secretaria-de-saude","tag-sitio-do-quinto","tag-tucano"],"aioseo_notices":[],"_links":{"self":[{"href":"https:\/\/www.portalalerta.com.br\/index.php\/wp-json\/wp\/v2\/posts\/31555","targetHints":{"allow":["GET"]}}],"collection":[{"href":"https:\/\/www.portalalerta.com.br\/index.php\/wp-json\/wp\/v2\/posts"}],"about":[{"href":"https:\/\/www.portalalerta.com.br\/index.php\/wp-json\/wp\/v2\/types\/post"}],"author":[{"embeddable":true,"href":"https:\/\/www.portalalerta.com.br\/index.php\/wp-json\/wp\/v2\/users\/2"}],"replies":[{"embeddable":true,"href":"https:\/\/www.portalalerta.com.br\/index.php\/wp-json\/wp\/v2\/comments?post=31555"}],"version-history":[{"count":1,"href":"https:\/\/www.portalalerta.com.br\/index.php\/wp-json\/wp\/v2\/posts\/31555\/revisions"}],"predecessor-version":[{"id":31557,"href":"https:\/\/www.portalalerta.com.br\/index.php\/wp-json\/wp\/v2\/posts\/31555\/revisions\/31557"}],"wp:featuredmedia":[{"embeddable":true,"href":"https:\/\/www.portalalerta.com.br\/index.php\/wp-json\/wp\/v2\/media\/31556"}],"wp:attachment":[{"href":"https:\/\/www.portalalerta.com.br\/index.php\/wp-json\/wp\/v2\/media?parent=31555"}],"wp:term":[{"taxonomy":"category","embeddable":true,"href":"https:\/\/www.portalalerta.com.br\/index.php\/wp-json\/wp\/v2\/categories?post=31555"},{"taxonomy":"post_tag","embeddable":true,"href":"https:\/\/www.portalalerta.com.br\/index.php\/wp-json\/wp\/v2\/tags?post=31555"}],"curies":[{"name":"wp","href":"https:\/\/api.w.org\/{rel}","templated":true}]}}