{"id":3156,"date":"2017-12-21T15:57:15","date_gmt":"2017-12-21T17:57:15","guid":{"rendered":"http:\/\/www.portalalerta.com.br\/?p=3156"},"modified":"2017-12-21T15:57:15","modified_gmt":"2017-12-21T17:57:15","slug":"bahia-integrada-oito-presos-e-r-18-milhao-apreendidos-durante-operacao-conjunta-em-ribeira-do-pombal","status":"publish","type":"post","link":"https:\/\/www.portalalerta.com.br\/index.php\/2017\/12\/21\/bahia-integrada-oito-presos-e-r-18-milhao-apreendidos-durante-operacao-conjunta-em-ribeira-do-pombal\/","title":{"rendered":"Bahia Integrada: Oito Presos e R$ 1,8 Milh\u00e3o apreendidos, durante Opera\u00e7\u00e3o Conjunta em Ribeira do Pombal"},"content":{"rendered":"<div class=\"itemIntroText\" style=\"text-align: justify;\">\n<p>Na madrugada de quinta-feira, 07, foi desencadeada uma Opera\u00e7\u00e3o Conjunta denominada \u201cBahia Integrada\u201d com o objetivo de combater o crime organizado no munic\u00edpio de Ribeira do Pombal.<\/p>\n<\/div>\n<p><!--more--><\/p>\n<div class=\"itemFullText\" style=\"text-align: justify;\">\n<p>A Opera\u00e7\u00e3o contou com integra\u00e7\u00e3o das pol\u00edcias Civil, Militar e Rodovi\u00e1ria Federal, sob a supervis\u00e3o do Promotor de Justi\u00e7a Dr. Jo\u00e3o Paulo Shoucair, com o objetivo de cumprir Mandados de Pris\u00e3o Tempor\u00e1ria, bem como Busca e Apreens\u00e3o. De treze investigados, foram cumpridos sete Mandados de Pris\u00e3o, cujos conduzidos s\u00e3o apontados por participa\u00e7\u00e3o no crime organizado, respondendo por Tr\u00e1fico de Entorpecentes, bem como Associa\u00e7\u00e3o Criminosa. Vale ressaltar que a pris\u00e3o tempor\u00e1ria, que neste caso tem prazo m\u00e1ximo de trinta dias, visa esclarecer os fatos, podendo ser revertida para a liberdade dos acusados, ou para uma Pris\u00e3o Preventiva.<\/p>\n<p><strong>Foram presos:\u00a0<\/strong><\/p>\n<p><strong>C\u00edcero Santos (J\u00fanior Capeta)<\/strong>\u00a0\u2013 Promotor de Eventos em Ribeira do Pombal e Regi\u00e3o,\u00a0<strong>Jos\u00e9 Marcos (Marquinho do Pombalzinho),<\/strong><strong>Adeildo Alves (Morceg\u00e3o),<\/strong>\u00a0<strong><a href=\"http:\/\/pombalalerta.com.br\/index.php\/noticias\/pombal-alerta\/ribeira-do-pombal\/item\/3756-exclusivo-mandado-de-pris%C3%A3o-%C3%A9-cumprido-durante-audi%C3%AAncia-no-f%C3%B3rum-de-ribeira-do-pombal.html\">Alexssandro Santos (Sandro do Cego)<\/a>,\u00a0<\/strong><strong>Marcelo Rocha (Marcelo Cabe\u00e7a),\u00a0<\/strong><strong>Antonio Carvalho (Irm\u00e3o) \u2013<\/strong>\u00a0Ex-carcereiro da Delegacia de Pol\u00edcia Civil de Ribeira do Pombal,\u00a0 e\u00a0<a href=\"http:\/\/pombalalerta.com.br\/index.php\/noticias\/pombal-alerta\/ribeira-do-pombal\/item\/3640-jovem-suspeito-de-participa%C3%A7%C3%A3o-em-assaltos-a-bancos-%C3%A9-preso-em-ribeira-do-pombal.html\"><strong>Tiago Concei\u00e7\u00e3o<\/strong><\/a>.<\/p>\n<p><img decoding=\"async\" class=\"aligncenter\" src=\"http:\/\/pombalalerta.com.br\/images\/bahiaintegradan1.jpg\" alt=\"\" border=\"0\" \/>Da esquerda para a Direita: Morceg\u00e3o, Tiago, Irm\u00e3o, J\u00fanior Capeta, Marcelo Cabe\u00e7a, e Sandro do Cego<\/p>\n<p>Al\u00e9m dos sete Mandados de Pris\u00e3o foram cumpridos 21 Mandados de Busca e Apreens\u00e3o. Outra pessoa, identificada como\u00a0<a href=\"http:\/\/pombalalerta.com.br\/index.php\/noticias\/pombal-alerta\/ribeira-do-pombal\/item\/3497-propriet%C3%A1rio-de-oficina-%C3%A9-preso-ap%C3%B3s-ve%C3%ADculo-furtado-ser-encontrado-no-interior-da-empresa.html\"><strong>Ednaldo Gama Souza (Naldinho)<\/strong><\/a>, foi preso em flagrante pelos crimes de Adultera\u00e7\u00e3o e recepta\u00e7\u00e3o de ve\u00edculos, ap\u00f3s ser flagrado na pr\u00e1tica dos referidos crimes quando se encontrava numa oficina de ferro velho de sua propriedade.<\/p>\n<p><img decoding=\"async\" class=\"aligncenter\" src=\"http:\/\/pombalalerta.com.br\/images\/edinaldogamasouza.jpg\" alt=\"\" border=\"0\" \/>Naldinho, foi preso em flagrante por adultera\u00e7\u00e3o e recepta\u00e7\u00e3o de ve\u00edculos<\/p>\n<p>Ainda de acordo com informa\u00e7\u00f5es foram apreendidos R$ 1.800.000,00 (Um Milh\u00e3o e Oitocentos Mil Reais), em esp\u00e9cie, notas promiss\u00f3rias e cheques, bem como uma motocicleta e tr\u00eas autom\u00f3veis, cujas marcas e modelos n\u00e3o foram informados.<\/p>\n<p>Naldinho ficou preso na carceragem de Ribeira do Pombal, por medida de seguran\u00e7a Irm\u00e3o foi conduzido para a 1\u00aa Delegacia Territorial de Euclides da Cunha-BA, e os demais foram levados para a Capital Baiana.<\/p>\n<p>Antes mesmo do t\u00e9rmino da Opera\u00e7\u00e3o, houve um vazamento em Redes sociais do teor dos Mandados Judiciais, o que pode ter prejudicado na captura dos demais investigados. Nenhuma autoridade se pronunciou sobre o vazamento.<\/p>\n<p><a href=\"http:\/\/www.facebook.com.br\/pombalalerta\"><strong>Curta nossa p\u00e1gina no facebook, e continue atualizado sobre tudo o que acontece em Ribeira do Pombal e Regi\u00e3o!\u00a0<\/strong><\/a><\/p>\n<p><a href=\"https:\/\/play.google.com\/store\/apps\/details?id=com.globalstore.pombalalerta&amp;hl=pt_BR\"><strong>Baixe o nosso aplicativo, e fique de olho na not\u00edcia!<\/strong><\/a><\/p>\n<p>Continuamos \u201cde olho na not\u00edcia\u201d em busca de mais informa\u00e7\u00f5es sobre o caso.<\/p>\n<p><em>Reda\u00e7\u00e3o: Pombal Alerta<\/em><\/p>\n<\/div>\n","protected":false},"excerpt":{"rendered":"<p>Na madrugada de quinta-feira, 07, foi desencadeada uma Opera\u00e7\u00e3o Conjunta denominada \u201cBahia Integrada\u201d com o objetivo de combater o crime organizado no munic\u00edpio de Ribeira do Pombal.<\/p>\n","protected":false},"author":2,"featured_media":3157,"comment_status":"closed","ping_status":"open","sticky":false,"template":"","format":"standard","meta":{"om_disable_all_campaigns":false,"_monsterinsights_skip_tracking":false,"_monsterinsights_sitenote_active":false,"_monsterinsights_sitenote_note":"","_monsterinsights_sitenote_category":0,"footnotes":""},"categories":[33,70,69,32,3,22],"tags":[162,161,122,79,110,149,47,76],"class_list":["post-3156","post","type-post","status-publish","format-standard","has-post-thumbnail","hentry","category-bahia","category-destaques","category-noticias2","category-regiao","category-ribeira-do-pombal","category-seguranca","tag-crime-organizado","tag-operacao-conjunta","tag-policia-civil","tag-policia-militar","tag-presos","tag-prf","tag-ribeira-do-pombal","tag-trafico-de-drogas"],"aioseo_notices":[],"_links":{"self":[{"href":"https:\/\/www.portalalerta.com.br\/index.php\/wp-json\/wp\/v2\/posts\/3156","targetHints":{"allow":["GET"]}}],"collection":[{"href":"https:\/\/www.portalalerta.com.br\/index.php\/wp-json\/wp\/v2\/posts"}],"about":[{"href":"https:\/\/www.portalalerta.com.br\/index.php\/wp-json\/wp\/v2\/types\/post"}],"author":[{"embeddable":true,"href":"https:\/\/www.portalalerta.com.br\/index.php\/wp-json\/wp\/v2\/users\/2"}],"replies":[{"embeddable":true,"href":"https:\/\/www.portalalerta.com.br\/index.php\/wp-json\/wp\/v2\/comments?post=3156"}],"version-history":[{"count":0,"href":"https:\/\/www.portalalerta.com.br\/index.php\/wp-json\/wp\/v2\/posts\/3156\/revisions"}],"wp:featuredmedia":[{"embeddable":true,"href":"https:\/\/www.portalalerta.com.br\/index.php\/wp-json\/wp\/v2\/media\/3157"}],"wp:attachment":[{"href":"https:\/\/www.portalalerta.com.br\/index.php\/wp-json\/wp\/v2\/media?parent=3156"}],"wp:term":[{"taxonomy":"category","embeddable":true,"href":"https:\/\/www.portalalerta.com.br\/index.php\/wp-json\/wp\/v2\/categories?post=3156"},{"taxonomy":"post_tag","embeddable":true,"href":"https:\/\/www.portalalerta.com.br\/index.php\/wp-json\/wp\/v2\/tags?post=3156"}],"curies":[{"name":"wp","href":"https:\/\/api.w.org\/{rel}","templated":true}]}}