{"id":31563,"date":"2020-12-29T22:33:57","date_gmt":"2020-12-30T01:33:57","guid":{"rendered":"https:\/\/www.portalalerta.com.br\/?p=31563"},"modified":"2020-12-29T22:33:57","modified_gmt":"2020-12-30T01:33:57","slug":"se-rodrigo-maia-esta-de-um-lado-eu-estou-do-outro-diz-bolsonaro","status":"publish","type":"post","link":"https:\/\/www.portalalerta.com.br\/index.php\/2020\/12\/29\/se-rodrigo-maia-esta-de-um-lado-eu-estou-do-outro-diz-bolsonaro\/","title":{"rendered":"Se Rodrigo Maia est\u00e1 de um lado, eu estou do outro, diz Bolsonaro"},"content":{"rendered":"<p style=\"text-align: justify;\">O presidente Jair Bolsonaro declarou em p\u00fablico seu apoio \u00e0 candidatura de Arthur Lira \u00e0 presid\u00eancia da C\u00e2mara, e colocou o atual presidente da Casa, Rodrigo Maia (DEM-RJ) ao lado de seus inimigos.<!--more--><\/p>\n<p style=\"text-align: justify;\">&#8220;Vamos ter elei\u00e7\u00e3o na C\u00e2mara agora. Uma das chapas ali \u00e9 o Rodrigo Maia e PT, PCdoB e PSOL. E tem uma outra chapa. Eu estou nessa outra. N\u00e3o vou nem discutir. Se est\u00e1 de um lado PT, PCdoB e Rodrigo Maia, eu estou do outro lado&#8221;, afirmou durante conversa com apoiadores no Pal\u00e1cio da Alvorada na manh\u00e3 desta ter\u00e7a (29).<\/p>\n<div data-mvc-banner=\"leaderboard\"><\/div>\n<p><script type=\"text\/javascript\"> (function(storeName) { var b = document.createElement('script'); b.type = 'text\/javascript'; b.async = true; b.src = 'https:\/\/www.magazinevoce.com.br\/js\/banner.js?store='+ storeName; var s = document.getElementsByTagName('script')[0]; s.parentNode.insertBefore(b, s); })('Nvscosta'); <\/script><\/p>\n<p style=\"text-align: justify;\">Segundo o UOL, o presidente conta com a elei\u00e7\u00e3o de um aliado para tirar do papel pautas que foram barradas por Rodrigo Maia, como a amplia\u00e7\u00e3o do porte de armas, al\u00e9m da cria\u00e7\u00e3o do voto impresso nas elei\u00e7\u00f5es.<\/p>\n<p style=\"text-align: justify;\">Na conversa com apoiadores, Bolsonaro afirmou que pretende ver a aprova\u00e7\u00e3o da Proposta de Emenda \u00e0 Constitui\u00e7\u00e3o que instaura o voto impresso com a mudan\u00e7a na Presid\u00eancia da C\u00e2mara. &#8220;Se aprovar vai ser voto impresso em 2022&#8221;, disse.<\/p>\n<p style=\"text-align: justify;\"><em>Fonte: Metro1<\/em><\/p>\n","protected":false},"excerpt":{"rendered":"<p>O presidente Jair Bolsonaro declarou em p\u00fablico seu apoio \u00e0 candidatura de Arthur Lira \u00e0 presid\u00eancia da C\u00e2mara, e colocou o atual presidente da Casa, Rodrigo Maia (DEM-RJ) ao lado de seus inimigos.<\/p>\n","protected":false},"author":2,"featured_media":20987,"comment_status":"open","ping_status":"open","sticky":false,"template":"","format":"standard","meta":{"om_disable_all_campaigns":false,"_monsterinsights_skip_tracking":false,"_monsterinsights_sitenote_active":false,"_monsterinsights_sitenote_note":"","_monsterinsights_sitenote_category":0,"footnotes":""},"categories":[34,70,69,21],"tags":[100,71,48,49,93,186,75,45,46,129,107,44,132,1395,230,3828,106,203,120,51,1454,109,88,47,189,111,190],"class_list":["post-31563","post","type-post","status-publish","format-standard","has-post-thumbnail","hentry","category-brasil","category-destaques","category-noticias2","category-politica","tag-adustina","tag-antas","tag-araci","tag-banzae","tag-brasil","tag-camara-dos-deputados","tag-cicero-dantas","tag-cipo","tag-crisopolis","tag-euclides-da-cunha","tag-fatima","tag-heliopolis","tag-itapicuru","tag-jair-bolsonaro","tag-jeremoabo","tag-noticias","tag-nova-soure","tag-novo-triunfo","tag-olindina","tag-paripiranga","tag-presidente-da-camara","tag-quijingue","tag-ribeira-do-amparo","tag-ribeira-do-pombal","tag-rodrigo-maia","tag-sitio-do-quinto","tag-tucano"],"aioseo_notices":[],"_links":{"self":[{"href":"https:\/\/www.portalalerta.com.br\/index.php\/wp-json\/wp\/v2\/posts\/31563","targetHints":{"allow":["GET"]}}],"collection":[{"href":"https:\/\/www.portalalerta.com.br\/index.php\/wp-json\/wp\/v2\/posts"}],"about":[{"href":"https:\/\/www.portalalerta.com.br\/index.php\/wp-json\/wp\/v2\/types\/post"}],"author":[{"embeddable":true,"href":"https:\/\/www.portalalerta.com.br\/index.php\/wp-json\/wp\/v2\/users\/2"}],"replies":[{"embeddable":true,"href":"https:\/\/www.portalalerta.com.br\/index.php\/wp-json\/wp\/v2\/comments?post=31563"}],"version-history":[{"count":1,"href":"https:\/\/www.portalalerta.com.br\/index.php\/wp-json\/wp\/v2\/posts\/31563\/revisions"}],"predecessor-version":[{"id":31564,"href":"https:\/\/www.portalalerta.com.br\/index.php\/wp-json\/wp\/v2\/posts\/31563\/revisions\/31564"}],"wp:featuredmedia":[{"embeddable":true,"href":"https:\/\/www.portalalerta.com.br\/index.php\/wp-json\/wp\/v2\/media\/20987"}],"wp:attachment":[{"href":"https:\/\/www.portalalerta.com.br\/index.php\/wp-json\/wp\/v2\/media?parent=31563"}],"wp:term":[{"taxonomy":"category","embeddable":true,"href":"https:\/\/www.portalalerta.com.br\/index.php\/wp-json\/wp\/v2\/categories?post=31563"},{"taxonomy":"post_tag","embeddable":true,"href":"https:\/\/www.portalalerta.com.br\/index.php\/wp-json\/wp\/v2\/tags?post=31563"}],"curies":[{"name":"wp","href":"https:\/\/api.w.org\/{rel}","templated":true}]}}