{"id":31569,"date":"2020-12-30T13:10:15","date_gmt":"2020-12-30T16:10:15","guid":{"rendered":"https:\/\/www.portalalerta.com.br\/?p=31569"},"modified":"2020-12-30T13:10:15","modified_gmt":"2020-12-30T16:10:15","slug":"argentino-papa-se-posiciona-contra-legalizacao-do-aborto-todos-nascemos-porque-alguem-desejou-a-vida-para-nos","status":"publish","type":"post","link":"https:\/\/www.portalalerta.com.br\/index.php\/2020\/12\/30\/argentino-papa-se-posiciona-contra-legalizacao-do-aborto-todos-nascemos-porque-alguem-desejou-a-vida-para-nos\/","title":{"rendered":"Argentino, papa se posiciona contra legaliza\u00e7\u00e3o do aborto: &#8220;Todos nascemos porque algu\u00e9m desejou a vida para n\u00f3s&#8221;"},"content":{"rendered":"<p style=\"text-align: justify;\">O papa Francisco falou nesta quarta-feira, 30, sobre a\u00a0aprova\u00e7\u00e3o do aborto legal na Argentina, pa\u00eds de origem do pont\u00edfice. Sem ser direto em sua afirma\u00e7\u00e3o, o papa refor\u00e7ou o valor da vida, argumento usado pelos que s\u00e3o contr\u00e1rio \u00e0 legaliza\u00e7\u00e3o da interrup\u00e7\u00e3o volunt\u00e1ria da gravidez.<!--more--><\/p>\n<p style=\"text-align: justify;\">Na \u00faltima audi\u00eancia geral do ano, depois da decis\u00e3o do Senado argentino, o chefe da Igreja Cat\u00f3lica afirmou que \u201ctodos nascemos porque algu\u00e9m desejou a vida para n\u00f3s\u201d.<\/p>\n<p style=\"text-align: justify;\">\u201cPara n\u00f3s, crist\u00e3os, o dar da gra\u00e7a recebeu o nome do Sacramento mais importante que existe: a Eucaristia. A palavra grega, de fato, significa precisamente isso: a\u00e7\u00e3o da gra\u00e7a\u201d, disse o papa Francisco.<\/p>\n<p style=\"text-align: justify;\"><img fetchpriority=\"high\" decoding=\"async\" class=\"size-thumbnail wp-image-4869 aligncenter\" src=\"https:\/\/www.portalalerta.com.br\/wp-content\/uploads\/2018\/02\/Auto-Escola-Nobre-720x181.jpg\" alt=\"\" width=\"720\" height=\"181\" srcset=\"https:\/\/www.portalalerta.com.br\/wp-content\/uploads\/2018\/02\/Auto-Escola-Nobre.jpg 720w, https:\/\/www.portalalerta.com.br\/wp-content\/uploads\/2018\/02\/Auto-Escola-Nobre-260x65.jpg 260w, https:\/\/www.portalalerta.com.br\/wp-content\/uploads\/2018\/02\/Auto-Escola-Nobre-50x13.jpg 50w, https:\/\/www.portalalerta.com.br\/wp-content\/uploads\/2018\/02\/Auto-Escola-Nobre-150x38.jpg 150w\" sizes=\"(max-width: 720px) 100vw, 720px\" \/>\u201cOs crist\u00e3os, como todos os crentes, bendizem a Deus pelo dom da vida. Viver \u00e9, antes de tudo, ter recebido a vida. Todos nascemos porque algu\u00e9m desejou a vida para n\u00f3s\u201d, afirmou. \u201cEssa \u00e9 uma da enorme s\u00e9rie de d\u00favidas que adquirimos vivendo. D\u00favidas de reconhecimento.\u201d<\/p>\n<p style=\"text-align: justify;\">Antes da vota\u00e7\u00e3o no Senado da Argentina pela aprova\u00e7\u00e3o do aborto legal no pa\u00eds, o pont\u00edfice havia publicado das redes sociais um posicionamento similar, usando Jesus Cristo como exemplo de crian\u00e7a \u201cdescartada\u201d.<\/p>\n<p style=\"text-align: justify;\">\u201cO Filho de Deus nasceu descartado para nos dizer que todo o descartado \u00e9 filho de Deus. Veio ao mundo como vem ao mundo uma crian\u00e7a d\u00e9bil e fr\u00e1gil, para podermos acolher com ternura as nossas fraquezas\u201d, escreveu<\/p>\n<p style=\"text-align: justify;\">O Filho de Deus nasceu descartado para nos dizer que todo o descartado \u00e9 filho de Deus. Veio ao mundo como vem ao mundo uma crian\u00e7a d\u00e9bil e fr\u00e1gil, para podermos acolher com ternura as nossas fraquezas.<\/p>\n<p style=\"text-align: justify;\">\u2014 Papa Francisco (@Pontifex_pt)\u00a0<a href=\"https:\/\/twitter.com\/Pontifex_pt\/status\/1343897053609349121?ref_src=twsrc%5Etfw\">December 29, 2020<\/a><\/p>\n<p style=\"text-align: justify;\">H\u00e1 cerca de um m\u00eas, Francisco havia se pronunciado de forma contundente contra a interrup\u00e7\u00e3o volunt\u00e1ria da gravidez e comparou o aborto com \u201calugar um pistoleiro para resolver um problema\u201d. O pont\u00edfice ainda afirmou que o tema n\u00e3o \u00e9 um assunto primariamente religioso, mas \u201cde \u00e9tica humana, anterior a qualquer confiss\u00e3o religiosa\u201d.<\/p>\n<p style=\"text-align: justify;\"><em>Fonte: Yahoo Not\u00edcias<\/em><\/p>\n","protected":false},"excerpt":{"rendered":"<p>O papa Francisco falou nesta quarta-feira, 30, sobre a\u00a0aprova\u00e7\u00e3o do aborto legal na Argentina, pa\u00eds de origem do pont\u00edfice. Sem ser direto em sua afirma\u00e7\u00e3o, o papa refor\u00e7ou o valor da vida, argumento usado pelos que s\u00e3o contr\u00e1rio \u00e0 legaliza\u00e7\u00e3o da interrup\u00e7\u00e3o volunt\u00e1ria da gravidez.<\/p>\n","protected":false},"author":2,"featured_media":9909,"comment_status":"open","ping_status":"open","sticky":false,"template":"","format":"standard","meta":{"om_disable_all_campaigns":false,"_monsterinsights_skip_tracking":false,"_monsterinsights_sitenote_active":false,"_monsterinsights_sitenote_note":"","_monsterinsights_sitenote_category":0,"footnotes":""},"categories":[70,35,69],"tags":[3851,100,71,48,297,49,75,45,46,129,107,44,132,230,339,3828,106,203,120,1509,51,109,88,47,111,190],"class_list":["post-31569","post","type-post","status-publish","format-standard","has-post-thumbnail","hentry","category-destaques","category-mundo","category-noticias2","tag-aborto","tag-adustina","tag-antas","tag-araci","tag-argentina","tag-banzae","tag-cicero-dantas","tag-cipo","tag-crisopolis","tag-euclides-da-cunha","tag-fatima","tag-heliopolis","tag-itapicuru","tag-jeremoabo","tag-mundo","tag-noticias","tag-nova-soure","tag-novo-triunfo","tag-olindina","tag-papa-francisco","tag-paripiranga","tag-quijingue","tag-ribeira-do-amparo","tag-ribeira-do-pombal","tag-sitio-do-quinto","tag-tucano"],"aioseo_notices":[],"_links":{"self":[{"href":"https:\/\/www.portalalerta.com.br\/index.php\/wp-json\/wp\/v2\/posts\/31569","targetHints":{"allow":["GET"]}}],"collection":[{"href":"https:\/\/www.portalalerta.com.br\/index.php\/wp-json\/wp\/v2\/posts"}],"about":[{"href":"https:\/\/www.portalalerta.com.br\/index.php\/wp-json\/wp\/v2\/types\/post"}],"author":[{"embeddable":true,"href":"https:\/\/www.portalalerta.com.br\/index.php\/wp-json\/wp\/v2\/users\/2"}],"replies":[{"embeddable":true,"href":"https:\/\/www.portalalerta.com.br\/index.php\/wp-json\/wp\/v2\/comments?post=31569"}],"version-history":[{"count":1,"href":"https:\/\/www.portalalerta.com.br\/index.php\/wp-json\/wp\/v2\/posts\/31569\/revisions"}],"predecessor-version":[{"id":31570,"href":"https:\/\/www.portalalerta.com.br\/index.php\/wp-json\/wp\/v2\/posts\/31569\/revisions\/31570"}],"wp:featuredmedia":[{"embeddable":true,"href":"https:\/\/www.portalalerta.com.br\/index.php\/wp-json\/wp\/v2\/media\/9909"}],"wp:attachment":[{"href":"https:\/\/www.portalalerta.com.br\/index.php\/wp-json\/wp\/v2\/media?parent=31569"}],"wp:term":[{"taxonomy":"category","embeddable":true,"href":"https:\/\/www.portalalerta.com.br\/index.php\/wp-json\/wp\/v2\/categories?post=31569"},{"taxonomy":"post_tag","embeddable":true,"href":"https:\/\/www.portalalerta.com.br\/index.php\/wp-json\/wp\/v2\/tags?post=31569"}],"curies":[{"name":"wp","href":"https:\/\/api.w.org\/{rel}","templated":true}]}}