{"id":31579,"date":"2020-12-30T14:19:52","date_gmt":"2020-12-30T17:19:52","guid":{"rendered":"https:\/\/www.portalalerta.com.br\/?p=31579"},"modified":"2020-12-30T14:19:52","modified_gmt":"2020-12-30T17:19:52","slug":"em-tom-de-despedida-ricardo-maia-concede-sua-ultima-coletiva-como-prefeito-de-ribeira-do-pombal-ba","status":"publish","type":"post","link":"https:\/\/www.portalalerta.com.br\/index.php\/2020\/12\/30\/em-tom-de-despedida-ricardo-maia-concede-sua-ultima-coletiva-como-prefeito-de-ribeira-do-pombal-ba\/","title":{"rendered":"Em tom de despedida, Ricardo Maia concede sua \u00faltima coletiva como prefeito de Ribeira do Pombal-BA"},"content":{"rendered":"<p style=\"text-align: justify;\">Na manh\u00e3 desta quarta-feira, 30, o prefeito de Ribeira do Pombal-BA, Ricardo Maia, concedeu sua \u00faltima entrevista coletiva como gestor da cidade.<!--more--><\/p>\n<p style=\"text-align: justify;\"><img fetchpriority=\"high\" decoding=\"async\" class=\"size-thumbnail wp-image-9394 alignleft\" src=\"https:\/\/www.portalalerta.com.br\/wp-content\/uploads\/2018\/07\/05elab-320x240.jpg\" alt=\"\" width=\"320\" height=\"240\" srcset=\"https:\/\/www.portalalerta.com.br\/wp-content\/uploads\/2018\/07\/05elab-320x240.jpg 320w, https:\/\/www.portalalerta.com.br\/wp-content\/uploads\/2018\/07\/05elab-195x146.jpg 195w, https:\/\/www.portalalerta.com.br\/wp-content\/uploads\/2018\/07\/05elab-50x38.jpg 50w, https:\/\/www.portalalerta.com.br\/wp-content\/uploads\/2018\/07\/05elab-100x75.jpg 100w, https:\/\/www.portalalerta.com.br\/wp-content\/uploads\/2018\/07\/05elab.jpg 400w\" sizes=\"(max-width: 320px) 100vw, 320px\" \/>Ricardo afirmou que nesta quinta-feira, 31 ser\u00e1 encerrado mais um ciclo da sua vida pol\u00edtica, ao mesmo tempo em que iniciar\u00e1 outro ciclo diante de suas pretens\u00f5es. Al\u00e9m disso, reiterou o seu desejo em se candidatar ao cargo de Deputado Federal em 2022.<\/p>\n<p style=\"text-align: justify;\">Ainda durante a coletiva, o prefeito lembrou das realiza\u00e7\u00f5es e conquistas para o munic\u00edpio ao longo dois oito anos de governo, mas em tom de despedida, afirmou que a partir do dia 1\u00ba de janeiro ser\u00e1 \u201cex-prefeito\u201d, tendo em vista que nesta data seu substituto Eriksson Silva ser\u00e1 empossado. Eriksson esteve ao lado de Ricardo durante toda a coletiva, e assim como Ricardo, enalteceu as conquistas para a cidade ao longo dos \u00faltimos anos.<\/p>\n<h2 style=\"text-align: justify;\">Confira a coletiva na \u00edntegra:<\/h2>\n<p><iframe style=\"border: none; overflow: hidden;\" src=\"https:\/\/www.facebook.com\/plugins\/video.php?height=476&amp;href=https%3A%2F%2Fwww.facebook.com%2Fpombalalerta%2Fvideos%2F1799787673513421%2F&amp;show_text=false&amp;width=267\" width=\"267\" height=\"476\" frameborder=\"0\" scrolling=\"no\" allowfullscreen=\"allowfullscreen\"><\/iframe><\/p>\n<p style=\"text-align: justify;\"><em>Reda\u00e7\u00e3o: Portal Alerta<\/em><\/p>\n<p style=\"text-align: justify;\"><strong><em>#fiqueemcasa<\/em><\/strong><\/p>\n<p style=\"text-align: justify;\"><strong><em>#usemascaras<\/em><\/strong><\/p>\n","protected":false},"excerpt":{"rendered":"<p>Na manh\u00e3 desta quarta-feira, 30, o prefeito de Ribeira do Pombal-BA, Ricardo Maia, concedeu sua \u00faltima entrevista coletiva como gestor da cidade.<\/p>\n","protected":false},"author":2,"featured_media":31580,"comment_status":"open","ping_status":"open","sticky":false,"template":"","format":"standard","meta":{"om_disable_all_campaigns":false,"_monsterinsights_skip_tracking":false,"_monsterinsights_sitenote_active":false,"_monsterinsights_sitenote_note":"","_monsterinsights_sitenote_category":0,"footnotes":""},"categories":[70,69,21,32,3],"tags":[100,71,48,49,75,45,46,2015,129,107,44,132,230,3828,106,203,120,51,198,109,88,47,146,111,190],"class_list":["post-31579","post","type-post","status-publish","format-standard","has-post-thumbnail","hentry","category-destaques","category-noticias2","category-politica","category-regiao","category-ribeira-do-pombal","tag-adustina","tag-antas","tag-araci","tag-banzae","tag-cicero-dantas","tag-cipo","tag-crisopolis","tag-entrevista-coletiva","tag-euclides-da-cunha","tag-fatima","tag-heliopolis","tag-itapicuru","tag-jeremoabo","tag-noticias","tag-nova-soure","tag-novo-triunfo","tag-olindina","tag-paripiranga","tag-prefeito","tag-quijingue","tag-ribeira-do-amparo","tag-ribeira-do-pombal","tag-ricardo-maia","tag-sitio-do-quinto","tag-tucano"],"aioseo_notices":[],"_links":{"self":[{"href":"https:\/\/www.portalalerta.com.br\/index.php\/wp-json\/wp\/v2\/posts\/31579","targetHints":{"allow":["GET"]}}],"collection":[{"href":"https:\/\/www.portalalerta.com.br\/index.php\/wp-json\/wp\/v2\/posts"}],"about":[{"href":"https:\/\/www.portalalerta.com.br\/index.php\/wp-json\/wp\/v2\/types\/post"}],"author":[{"embeddable":true,"href":"https:\/\/www.portalalerta.com.br\/index.php\/wp-json\/wp\/v2\/users\/2"}],"replies":[{"embeddable":true,"href":"https:\/\/www.portalalerta.com.br\/index.php\/wp-json\/wp\/v2\/comments?post=31579"}],"version-history":[{"count":4,"href":"https:\/\/www.portalalerta.com.br\/index.php\/wp-json\/wp\/v2\/posts\/31579\/revisions"}],"predecessor-version":[{"id":31584,"href":"https:\/\/www.portalalerta.com.br\/index.php\/wp-json\/wp\/v2\/posts\/31579\/revisions\/31584"}],"wp:featuredmedia":[{"embeddable":true,"href":"https:\/\/www.portalalerta.com.br\/index.php\/wp-json\/wp\/v2\/media\/31580"}],"wp:attachment":[{"href":"https:\/\/www.portalalerta.com.br\/index.php\/wp-json\/wp\/v2\/media?parent=31579"}],"wp:term":[{"taxonomy":"category","embeddable":true,"href":"https:\/\/www.portalalerta.com.br\/index.php\/wp-json\/wp\/v2\/categories?post=31579"},{"taxonomy":"post_tag","embeddable":true,"href":"https:\/\/www.portalalerta.com.br\/index.php\/wp-json\/wp\/v2\/tags?post=31579"}],"curies":[{"name":"wp","href":"https:\/\/api.w.org\/{rel}","templated":true}]}}