{"id":31588,"date":"2020-12-30T17:31:39","date_gmt":"2020-12-30T20:31:39","guid":{"rendered":"https:\/\/www.portalalerta.com.br\/?p=31588"},"modified":"2020-12-30T17:31:39","modified_gmt":"2020-12-30T20:31:39","slug":"final-de-ano-violento-em-euclides-da-cunha-ba","status":"publish","type":"post","link":"https:\/\/www.portalalerta.com.br\/index.php\/2020\/12\/30\/final-de-ano-violento-em-euclides-da-cunha-ba\/","title":{"rendered":"Final de ano violento em Euclides da Cunha-BA"},"content":{"rendered":"<p style=\"text-align: justify;\">Em tr\u00eas dias, o munic\u00edpio de Euclides da Cunha registra um homic\u00eddio e duas tentativas de homic\u00eddio. Os fatos foram registrados entre os dias 26 e 29 de dezembro.<!--more--><\/p>\n<p style=\"text-align: justify;\"><img fetchpriority=\"high\" decoding=\"async\" class=\"alignleft wp-image-31572\" src=\"https:\/\/www.portalalerta.com.br\/wp-content\/uploads\/2020\/12\/Ano-Novo-Real-135x240.jpeg\" alt=\"\" width=\"300\" height=\"533\" \/>O homic\u00eddio ocorreu no \u00faltimo s\u00e1bado, 26, no povoado de Gabriela, local distante mais de 70 km da sede. Segundo apura\u00e7\u00e3o, a v\u00edtima \u00e9 um jovem do sexo masculino atingido por disparos de arma de fogo. A suspeita \u00e9 que a morte tenha rela\u00e7\u00e3o com brigas pessoais.<\/p>\n<p style=\"text-align: justify;\">As duas tentativas de homic\u00eddio aconteceram no conjunto habitacional do programa Minha Casa, Minha Vida, uma nesta segunda-feira, 28; outra nesta ter\u00e7a-feira, 29. No atentado desta segunda-feira a v\u00edtima \u00e9 um jovem do sexo masculino. Ele foi alvejado por disparos de arma de fogo, por dois homens que estavam em uma motocicleta. Na tentativa desta ter\u00e7a-feira, dois homens tamb\u00e9m participaram do atentado, e eles estavam de motocicleta. A v\u00edtima \u00e9 mais um jovem do s\u00e9culo masculino, baleado durante tentativa de fuga da a\u00e7\u00e3o dos criminosos.<\/p>\n<p style=\"text-align: justify;\">Ningu\u00e9m foi preso.<\/p>\n<p style=\"text-align: justify;\"><em>Fonte: euclidesdacunha.com<\/em><\/p>\n","protected":false},"excerpt":{"rendered":"<p>Em tr\u00eas dias, o munic\u00edpio de Euclides da Cunha registra um homic\u00eddio e duas tentativas de homic\u00eddio. Os fatos foram registrados entre os dias 26 e 29 de dezembro.<\/p>\n","protected":false},"author":2,"featured_media":0,"comment_status":"open","ping_status":"open","sticky":false,"template":"","format":"standard","meta":{"om_disable_all_campaigns":false,"_monsterinsights_skip_tracking":false,"_monsterinsights_sitenote_active":false,"_monsterinsights_sitenote_note":"","_monsterinsights_sitenote_category":0,"footnotes":""},"categories":[70,17,69,32,22],"tags":[100,71,48,49,75,45,46,375,129,107,4100,44,206,132,230,3828,106,203,120,51,109,88,47,111,105,190],"class_list":["post-31588","post","type-post","status-publish","format-standard","hentry","category-destaques","category-euclides-da-cunha","category-noticias2","category-regiao","category-seguranca","tag-adustina","tag-antas","tag-araci","tag-banzae","tag-cicero-dantas","tag-cipo","tag-crisopolis","tag-disparos-de-arma-de-fogo","tag-euclides-da-cunha","tag-fatima","tag-final-de-ano","tag-heliopolis","tag-homicidio","tag-itapicuru","tag-jeremoabo","tag-noticias","tag-nova-soure","tag-novo-triunfo","tag-olindina","tag-paripiranga","tag-quijingue","tag-ribeira-do-amparo","tag-ribeira-do-pombal","tag-sitio-do-quinto","tag-tentativa-de-homicidio","tag-tucano"],"aioseo_notices":[],"_links":{"self":[{"href":"https:\/\/www.portalalerta.com.br\/index.php\/wp-json\/wp\/v2\/posts\/31588","targetHints":{"allow":["GET"]}}],"collection":[{"href":"https:\/\/www.portalalerta.com.br\/index.php\/wp-json\/wp\/v2\/posts"}],"about":[{"href":"https:\/\/www.portalalerta.com.br\/index.php\/wp-json\/wp\/v2\/types\/post"}],"author":[{"embeddable":true,"href":"https:\/\/www.portalalerta.com.br\/index.php\/wp-json\/wp\/v2\/users\/2"}],"replies":[{"embeddable":true,"href":"https:\/\/www.portalalerta.com.br\/index.php\/wp-json\/wp\/v2\/comments?post=31588"}],"version-history":[{"count":1,"href":"https:\/\/www.portalalerta.com.br\/index.php\/wp-json\/wp\/v2\/posts\/31588\/revisions"}],"predecessor-version":[{"id":31590,"href":"https:\/\/www.portalalerta.com.br\/index.php\/wp-json\/wp\/v2\/posts\/31588\/revisions\/31590"}],"wp:attachment":[{"href":"https:\/\/www.portalalerta.com.br\/index.php\/wp-json\/wp\/v2\/media?parent=31588"}],"wp:term":[{"taxonomy":"category","embeddable":true,"href":"https:\/\/www.portalalerta.com.br\/index.php\/wp-json\/wp\/v2\/categories?post=31588"},{"taxonomy":"post_tag","embeddable":true,"href":"https:\/\/www.portalalerta.com.br\/index.php\/wp-json\/wp\/v2\/tags?post=31588"}],"curies":[{"name":"wp","href":"https:\/\/api.w.org\/{rel}","templated":true}]}}