{"id":31591,"date":"2020-12-30T17:36:31","date_gmt":"2020-12-30T20:36:31","guid":{"rendered":"https:\/\/www.portalalerta.com.br\/?p=31591"},"modified":"2020-12-30T17:36:31","modified_gmt":"2020-12-30T20:36:31","slug":"eua-detectam-primeiro-caso-da-nova-variante-do-coronavirus","status":"publish","type":"post","link":"https:\/\/www.portalalerta.com.br\/index.php\/2020\/12\/30\/eua-detectam-primeiro-caso-da-nova-variante-do-coronavirus\/","title":{"rendered":"EUA detectam primeiro caso da nova variante do coronav\u00edrus"},"content":{"rendered":"<p style=\"text-align: justify;\">O governador do Colorado, Jared Polis, disse na ter\u00e7a-feira (29) que o primeiro caso da nova variante do\u00a0coronav\u00edrus\u00a0foi registrado no estado americano. De acordo com a autoridade, o v\u00edrus \u00e9 da\u00a0mesma cepa que surgiu no Reino Unido.<!--more--><\/p>\n<p style=\"text-align: justify;\">At\u00e9 ent\u00e3o, n\u00e3o havia registros da nova varia\u00e7\u00e3o de Covid-19 nos\u00a0Estados Unidos. O governador anexou um comunicado oficial de seu escrit\u00f3rio e de autoridades de sa\u00fade estaduais dizendo que o indiv\u00edduo \u00e9 um &#8220;homem na casa dos 20 anos que est\u00e1 atualmente isolado no Condado de Elbert e n\u00e3o tem hist\u00f3rico de viagens&#8221;.<\/p>\n<div data-mvc-banner=\"leaderboard\"><\/div>\n<p><script type=\"text\/javascript\"> (function(storeName) { var b = document.createElement('script'); b.type = 'text\/javascript'; b.async = true; b.src = 'https:\/\/www.magazinevoce.com.br\/js\/banner.js?store='+ storeName; var s = document.getElementsByTagName('script')[0]; s.parentNode.insertBefore(b, s); })('Nvscosta'); <\/script><\/p>\n<p style=\"text-align: justify;\">O jornal Washington Post relatou que o caso do Colorado \u00e9 a primeira infec\u00e7\u00e3o conhecida da variante do v\u00edrus a ser registrada nos Estados Unidos. Os dois primeiros casos da nova cepa no continente norte-americano foram\u00a0descobertos no Canad\u00e1 no fim de semana.<\/p>\n<p style=\"text-align: justify;\"><strong>Variante mais transmiss\u00edvel<\/strong><\/p>\n<p style=\"text-align: justify;\">O governo brit\u00e2nico diz que h\u00e1 motivos para acreditar que a nova cepa que se espalhou pelo pa\u00eds seja bem mais transmiss\u00edvel que outras variantes. De acordo com o primeiro-ministro, Boris Johnson, a\u00a0variante pode ser at\u00e9 70% mais transmiss\u00edvel.<\/p>\n<p style=\"text-align: justify;\">Fran\u00e7a, Espanha, It\u00e1lia e Su\u00e9cia tamb\u00e9m est\u00e3o entre os pa\u00edses que confirmaram casos da varia\u00e7\u00e3o de Covid. Como o Reino Unido foi o foco inicial da cepa,\u00a0diversos pa\u00edses adotaram medidas para barrar voos sa\u00eddos de l\u00e1. O\u00a0Brasil proibiu a entrada de passageiros do vindos do pa\u00eds\u00a0desde o Natal.<\/p>\n<p style=\"text-align: justify;\"><em>Fonte: G1<\/em><\/p>\n","protected":false},"excerpt":{"rendered":"<p>O governador do Colorado, Jared Polis, disse na ter\u00e7a-feira (29) que o primeiro caso da nova variante do\u00a0coronav\u00edrus\u00a0foi registrado no estado americano. De acordo com a autoridade, o v\u00edrus \u00e9 da\u00a0mesma cepa que surgiu no Reino Unido.<\/p>\n","protected":false},"author":2,"featured_media":21912,"comment_status":"open","ping_status":"open","sticky":false,"template":"","format":"standard","meta":{"om_disable_all_campaigns":false,"_monsterinsights_skip_tracking":false,"_monsterinsights_sitenote_active":false,"_monsterinsights_sitenote_note":"","_monsterinsights_sitenote_category":0,"footnotes":""},"categories":[70,35,69,19],"tags":[100,71,48,49,75,45,3429,3486,46,327,129,107,44,132,230,339,4101,3828,106,203,120,51,109,88,47,111,190],"class_list":["post-31591","post","type-post","status-publish","format-standard","has-post-thumbnail","hentry","category-destaques","category-mundo","category-noticias2","category-saude","tag-adustina","tag-antas","tag-araci","tag-banzae","tag-cicero-dantas","tag-cipo","tag-coronavirus","tag-covid-19","tag-crisopolis","tag-eua","tag-euclides-da-cunha","tag-fatima","tag-heliopolis","tag-itapicuru","tag-jeremoabo","tag-mundo","tag-mutacao","tag-noticias","tag-nova-soure","tag-novo-triunfo","tag-olindina","tag-paripiranga","tag-quijingue","tag-ribeira-do-amparo","tag-ribeira-do-pombal","tag-sitio-do-quinto","tag-tucano"],"aioseo_notices":[],"_links":{"self":[{"href":"https:\/\/www.portalalerta.com.br\/index.php\/wp-json\/wp\/v2\/posts\/31591","targetHints":{"allow":["GET"]}}],"collection":[{"href":"https:\/\/www.portalalerta.com.br\/index.php\/wp-json\/wp\/v2\/posts"}],"about":[{"href":"https:\/\/www.portalalerta.com.br\/index.php\/wp-json\/wp\/v2\/types\/post"}],"author":[{"embeddable":true,"href":"https:\/\/www.portalalerta.com.br\/index.php\/wp-json\/wp\/v2\/users\/2"}],"replies":[{"embeddable":true,"href":"https:\/\/www.portalalerta.com.br\/index.php\/wp-json\/wp\/v2\/comments?post=31591"}],"version-history":[{"count":2,"href":"https:\/\/www.portalalerta.com.br\/index.php\/wp-json\/wp\/v2\/posts\/31591\/revisions"}],"predecessor-version":[{"id":31593,"href":"https:\/\/www.portalalerta.com.br\/index.php\/wp-json\/wp\/v2\/posts\/31591\/revisions\/31593"}],"wp:featuredmedia":[{"embeddable":true,"href":"https:\/\/www.portalalerta.com.br\/index.php\/wp-json\/wp\/v2\/media\/21912"}],"wp:attachment":[{"href":"https:\/\/www.portalalerta.com.br\/index.php\/wp-json\/wp\/v2\/media?parent=31591"}],"wp:term":[{"taxonomy":"category","embeddable":true,"href":"https:\/\/www.portalalerta.com.br\/index.php\/wp-json\/wp\/v2\/categories?post=31591"},{"taxonomy":"post_tag","embeddable":true,"href":"https:\/\/www.portalalerta.com.br\/index.php\/wp-json\/wp\/v2\/tags?post=31591"}],"curies":[{"name":"wp","href":"https:\/\/api.w.org\/{rel}","templated":true}]}}