{"id":31603,"date":"2020-12-31T16:44:23","date_gmt":"2020-12-31T19:44:23","guid":{"rendered":"https:\/\/www.portalalerta.com.br\/?p=31603"},"modified":"2020-12-31T16:44:23","modified_gmt":"2020-12-31T19:44:23","slug":"suspeito-de-envolvimento-na-morte-de-homem-em-araci-ba-e-preso-um-ano-apos-crime","status":"publish","type":"post","link":"https:\/\/www.portalalerta.com.br\/index.php\/2020\/12\/31\/suspeito-de-envolvimento-na-morte-de-homem-em-araci-ba-e-preso-um-ano-apos-crime\/","title":{"rendered":"Suspeito de envolvimento na morte de homem em Araci-BA \u00e9 preso, um ano ap\u00f3s crime"},"content":{"rendered":"<p style=\"text-align: justify; background: white;\"><span style=\"font-family: 'Arial',sans-serif; color: black;\">Um jovem de 19 anos suspeito de envolvimento na morte de um homem na cidade de Araci, regi\u00e3o sisaleira da Bahia, foi preso na manh\u00e3 da \u00faltima ter\u00e7a-feira (29) por investigadores da delegacia local. <\/span><!--more--><\/p>\n<p style=\"text-align: justify; background: white;\"><span style=\"font-family: 'Arial',sans-serif; color: black;\"><img fetchpriority=\"high\" decoding=\"async\" class=\"size-thumbnail wp-image-4869 aligncenter\" src=\"https:\/\/www.portalalerta.com.br\/wp-content\/uploads\/2018\/02\/Auto-Escola-Nobre-720x181.jpg\" alt=\"\" width=\"720\" height=\"181\" srcset=\"https:\/\/www.portalalerta.com.br\/wp-content\/uploads\/2018\/02\/Auto-Escola-Nobre.jpg 720w, https:\/\/www.portalalerta.com.br\/wp-content\/uploads\/2018\/02\/Auto-Escola-Nobre-260x65.jpg 260w, https:\/\/www.portalalerta.com.br\/wp-content\/uploads\/2018\/02\/Auto-Escola-Nobre-50x13.jpg 50w, https:\/\/www.portalalerta.com.br\/wp-content\/uploads\/2018\/02\/Auto-Escola-Nobre-150x38.jpg 150w\" sizes=\"(max-width: 720px) 100vw, 720px\" \/>Segundo o delegado Thiago Pessoa, o suspeito aparece em imagens coletadas pela pol\u00edcia, pilotando uma motocicleta usada no crime. O jovem, que n\u00e3o teve o nome revelado e tamb\u00e9m \u00e9 investigado por roubo, estava com um mandado de pris\u00e3o em aberto. O delegado informou que o outro envolvido no assassinato, acusado de atirar na v\u00edtima, <a href=\"https:\/\/www.portalalerta.com.br\/index.php\/2020\/01\/31\/policia-civil-prende-homem-acusado-de-homicidio-em-araci-ba\/\"><strong>j\u00e1 havia sido preso em janeiro de 2020<\/strong><\/a>. <\/span><\/p>\n<p style=\"text-align: justify; background: white;\"><span style=\"font-family: 'Arial',sans-serif; color: black;\">O crime aconteceu em outubro de 2019, quando a v\u00edtima, identificada como M\u00e1rcio Lima de Miranda, de 30 anos, foi assassinada com seis tiros. \u201cO crime foi motivado por uma desaven\u00e7a relacionada a uma ex-namorada da v\u00edtima\u201d, afirma o delegado Thiago Pessoa. A arma usada para matar o homem foi recuperada pela pol\u00edcia.<\/span><\/p>\n<p style=\"background: white; text-align: left;\" align=\"right\"><em><span style=\"font-family: 'Arial',sans-serif; color: black;\"><img decoding=\"async\" class=\"aligncenter wp-image-31605 size-full\" src=\"https:\/\/www.portalalerta.com.br\/wp-content\/uploads\/2020\/12\/homic\u00eddio-em-araci-2019.17.jpg\" alt=\"\" width=\"500\" height=\"400\" srcset=\"https:\/\/www.portalalerta.com.br\/wp-content\/uploads\/2020\/12\/homic\u00eddio-em-araci-2019.17.jpg 500w, https:\/\/www.portalalerta.com.br\/wp-content\/uploads\/2020\/12\/homic\u00eddio-em-araci-2019.17-300x240.jpg 300w, https:\/\/www.portalalerta.com.br\/wp-content\/uploads\/2020\/12\/homic\u00eddio-em-araci-2019.17-183x146.jpg 183w, https:\/\/www.portalalerta.com.br\/wp-content\/uploads\/2020\/12\/homic\u00eddio-em-araci-2019.17-50x40.jpg 50w, https:\/\/www.portalalerta.com.br\/wp-content\/uploads\/2020\/12\/homic\u00eddio-em-araci-2019.17-94x75.jpg 94w\" sizes=\"(max-width: 500px) 100vw, 500px\" \/>Fonte: Not\u00edcias de Santaluz<\/span><\/em><\/p>\n","protected":false},"excerpt":{"rendered":"<p>Um jovem de 19 anos suspeito de envolvimento na morte de um homem na cidade de Araci, regi\u00e3o sisaleira da Bahia, foi preso na manh\u00e3 da \u00faltima ter\u00e7a-feira (29) por investigadores da delegacia local.<\/p>\n","protected":false},"author":2,"featured_media":31604,"comment_status":"open","ping_status":"open","sticky":false,"template":"","format":"standard","meta":{"om_disable_all_campaigns":false,"_monsterinsights_skip_tracking":false,"_monsterinsights_sitenote_active":false,"_monsterinsights_sitenote_note":"","_monsterinsights_sitenote_category":0,"footnotes":""},"categories":[41,70,69,32,22],"tags":[100,71,48,49,75,45,46,129,107,44,2157,206,132,230,3828,106,203,120,51,122,110,109,88,47,111,190],"class_list":["post-31603","post","type-post","status-publish","format-standard","has-post-thumbnail","hentry","category-araci","category-destaques","category-noticias2","category-regiao","category-seguranca","tag-adustina","tag-antas","tag-araci","tag-banzae","tag-cicero-dantas","tag-cipo","tag-crisopolis","tag-euclides-da-cunha","tag-fatima","tag-heliopolis","tag-homicidas","tag-homicidio","tag-itapicuru","tag-jeremoabo","tag-noticias","tag-nova-soure","tag-novo-triunfo","tag-olindina","tag-paripiranga","tag-policia-civil","tag-presos","tag-quijingue","tag-ribeira-do-amparo","tag-ribeira-do-pombal","tag-sitio-do-quinto","tag-tucano"],"aioseo_notices":[],"_links":{"self":[{"href":"https:\/\/www.portalalerta.com.br\/index.php\/wp-json\/wp\/v2\/posts\/31603","targetHints":{"allow":["GET"]}}],"collection":[{"href":"https:\/\/www.portalalerta.com.br\/index.php\/wp-json\/wp\/v2\/posts"}],"about":[{"href":"https:\/\/www.portalalerta.com.br\/index.php\/wp-json\/wp\/v2\/types\/post"}],"author":[{"embeddable":true,"href":"https:\/\/www.portalalerta.com.br\/index.php\/wp-json\/wp\/v2\/users\/2"}],"replies":[{"embeddable":true,"href":"https:\/\/www.portalalerta.com.br\/index.php\/wp-json\/wp\/v2\/comments?post=31603"}],"version-history":[{"count":1,"href":"https:\/\/www.portalalerta.com.br\/index.php\/wp-json\/wp\/v2\/posts\/31603\/revisions"}],"predecessor-version":[{"id":31606,"href":"https:\/\/www.portalalerta.com.br\/index.php\/wp-json\/wp\/v2\/posts\/31603\/revisions\/31606"}],"wp:featuredmedia":[{"embeddable":true,"href":"https:\/\/www.portalalerta.com.br\/index.php\/wp-json\/wp\/v2\/media\/31604"}],"wp:attachment":[{"href":"https:\/\/www.portalalerta.com.br\/index.php\/wp-json\/wp\/v2\/media?parent=31603"}],"wp:term":[{"taxonomy":"category","embeddable":true,"href":"https:\/\/www.portalalerta.com.br\/index.php\/wp-json\/wp\/v2\/categories?post=31603"},{"taxonomy":"post_tag","embeddable":true,"href":"https:\/\/www.portalalerta.com.br\/index.php\/wp-json\/wp\/v2\/tags?post=31603"}],"curies":[{"name":"wp","href":"https:\/\/api.w.org\/{rel}","templated":true}]}}