{"id":31607,"date":"2020-12-31T16:48:53","date_gmt":"2020-12-31T19:48:53","guid":{"rendered":"https:\/\/www.portalalerta.com.br\/?p=31607"},"modified":"2020-12-31T16:48:53","modified_gmt":"2020-12-31T19:48:53","slug":"em-reuniao-astrazeneca-sinaliza-a-anvisa-que-pedira-uso-emergencial-de-vacina","status":"publish","type":"post","link":"https:\/\/www.portalalerta.com.br\/index.php\/2020\/12\/31\/em-reuniao-astrazeneca-sinaliza-a-anvisa-que-pedira-uso-emergencial-de-vacina\/","title":{"rendered":"Em reuni\u00e3o, AstraZeneca sinaliza \u00e0 Anvisa que pedir\u00e1 uso emergencial de vacina"},"content":{"rendered":"<p style=\"text-align: justify;\">No mesmo dia em que recebeu aval para aplica\u00e7\u00e3o de uma vacina contra Covid-19 no Reino Unido, a AstraZeneca sinalizou em reuni\u00e3o com a Anvisa (Ag\u00eancia Nacional de Vigil\u00e2ncia Sanit\u00e1ria) inten\u00e7\u00e3o de pedir o uso emergencial do imunizante no Brasil. A informa\u00e7\u00e3o foi divulgada em nota da ag\u00eancia nesta quarta-feira (30). O pedido, no entanto, ainda n\u00e3o foi entregue.<!--more--><\/p>\n<p style=\"text-align: justify;\"><img fetchpriority=\"high\" decoding=\"async\" class=\"alignleft wp-image-31572\" src=\"https:\/\/www.portalalerta.com.br\/wp-content\/uploads\/2020\/12\/Ano-Novo-Real-135x240.jpeg\" alt=\"\" width=\"300\" height=\"533\" \/>Segundo a Anvisa, a previs\u00e3o de pedido de uso emergencial da vacina no Brasil foi discutida durante o encontro, que reuniu a alta diretoria da ag\u00eancia e do laborat\u00f3rio, e que j\u00e1 estava marcado para acompanhamento. &#8220;Sobre a submiss\u00e3o da autoriza\u00e7\u00e3o para uso emergencial da vacina, foi informado que o pedido ser\u00e1 feito pela Fiocruz, que \u00e9 o laborat\u00f3rio nacional parceiro da AstraZeneca no pa\u00eds para esta vacina&#8221;, informou a ag\u00eancia.<\/p>\n<p style=\"text-align: justify;\">Ainda de acordo com a Anvisa, a empresa disse n\u00e3o ter identificado dificuldades para atendimento aos requisitos para uso emergencial. Ainda n\u00e3o h\u00e1 informa\u00e7\u00e3o, por\u00e9m, de quando ser\u00e1 feito o pedido. Atualmente, a empresa j\u00e1 participa de um processo chamado de submiss\u00e3o cont\u00ednua, o qual prev\u00ea o envio de dados sobre a vacina em etapas, at\u00e9 que haja o pedido formal de registro.<\/p>\n<p style=\"text-align: justify;\">Questionada pela reportagem, a Astrazeneca confirmou ter tratado na reuni\u00e3o tamb\u00e9m da possibilidade de pedir o uso emergencial. Segundo a empresa, o encontro foi para tirar d\u00favidas de como a empresa deve fazer os processos para obter aval da ag\u00eancia.<\/p>\n<p style=\"text-align: justify;\">&#8220;A ag\u00eancia destacou que os dados j\u00e1 apresentados por meio da submiss\u00e3o cont\u00ednua para o registro ser\u00e3o aproveitados para a avalia\u00e7\u00e3o do uso emergencial, evitando o retrabalho e promovendo a otimiza\u00e7\u00e3o do processo&#8221;, completa a nota da Anvisa.<\/p>\n<p style=\"text-align: justify;\">O prazo para an\u00e1lise de uso emergencial \u00e9 de at\u00e9 10 dias, tempo que passa a contar da formaliza\u00e7\u00e3o do pedido.<\/p>\n<p style=\"text-align: justify;\"><em>Fonte: Boc\u00e3o News<\/em><\/p>\n","protected":false},"excerpt":{"rendered":"<p>No mesmo dia em que recebeu aval para aplica\u00e7\u00e3o de uma vacina contra Covid-19 no Reino Unido, a AstraZeneca sinalizou em reuni\u00e3o com a Anvisa (Ag\u00eancia Nacional de Vigil\u00e2ncia Sanit\u00e1ria) inten\u00e7\u00e3o de pedir o uso emergencial do imunizante no Brasil. A informa\u00e7\u00e3o foi divulgada em nota da ag\u00eancia nesta quarta-feira (30). O pedido, no entanto, &hellip;<\/p>\n","protected":false},"author":2,"featured_media":27000,"comment_status":"open","ping_status":"open","sticky":false,"template":"","format":"standard","meta":{"om_disable_all_campaigns":false,"_monsterinsights_skip_tracking":false,"_monsterinsights_sitenote_active":false,"_monsterinsights_sitenote_note":"","_monsterinsights_sitenote_category":0,"footnotes":""},"categories":[34,70,69,19],"tags":[100,71,2235,48,4061,49,93,75,45,3429,3486,46,129,107,44,132,230,3828,106,203,120,51,109,88,47,61,111,190,3570],"class_list":["post-31607","post","type-post","status-publish","format-standard","has-post-thumbnail","hentry","category-brasil","category-destaques","category-noticias2","category-saude","tag-adustina","tag-antas","tag-anvisa","tag-araci","tag-astrazeneca","tag-banzae","tag-brasil","tag-cicero-dantas","tag-cipo","tag-coronavirus","tag-covid-19","tag-crisopolis","tag-euclides-da-cunha","tag-fatima","tag-heliopolis","tag-itapicuru","tag-jeremoabo","tag-noticias","tag-nova-soure","tag-novo-triunfo","tag-olindina","tag-paripiranga","tag-quijingue","tag-ribeira-do-amparo","tag-ribeira-do-pombal","tag-saude","tag-sitio-do-quinto","tag-tucano","tag-vacina"],"aioseo_notices":[],"_links":{"self":[{"href":"https:\/\/www.portalalerta.com.br\/index.php\/wp-json\/wp\/v2\/posts\/31607","targetHints":{"allow":["GET"]}}],"collection":[{"href":"https:\/\/www.portalalerta.com.br\/index.php\/wp-json\/wp\/v2\/posts"}],"about":[{"href":"https:\/\/www.portalalerta.com.br\/index.php\/wp-json\/wp\/v2\/types\/post"}],"author":[{"embeddable":true,"href":"https:\/\/www.portalalerta.com.br\/index.php\/wp-json\/wp\/v2\/users\/2"}],"replies":[{"embeddable":true,"href":"https:\/\/www.portalalerta.com.br\/index.php\/wp-json\/wp\/v2\/comments?post=31607"}],"version-history":[{"count":1,"href":"https:\/\/www.portalalerta.com.br\/index.php\/wp-json\/wp\/v2\/posts\/31607\/revisions"}],"predecessor-version":[{"id":31608,"href":"https:\/\/www.portalalerta.com.br\/index.php\/wp-json\/wp\/v2\/posts\/31607\/revisions\/31608"}],"wp:featuredmedia":[{"embeddable":true,"href":"https:\/\/www.portalalerta.com.br\/index.php\/wp-json\/wp\/v2\/media\/27000"}],"wp:attachment":[{"href":"https:\/\/www.portalalerta.com.br\/index.php\/wp-json\/wp\/v2\/media?parent=31607"}],"wp:term":[{"taxonomy":"category","embeddable":true,"href":"https:\/\/www.portalalerta.com.br\/index.php\/wp-json\/wp\/v2\/categories?post=31607"},{"taxonomy":"post_tag","embeddable":true,"href":"https:\/\/www.portalalerta.com.br\/index.php\/wp-json\/wp\/v2\/tags?post=31607"}],"curies":[{"name":"wp","href":"https:\/\/api.w.org\/{rel}","templated":true}]}}