{"id":31613,"date":"2021-01-02T10:11:32","date_gmt":"2021-01-02T13:11:32","guid":{"rendered":"https:\/\/www.portalalerta.com.br\/?p=31613"},"modified":"2021-01-02T10:11:32","modified_gmt":"2021-01-02T13:11:32","slug":"salario-minimo-e-definido-e-sobe-para-r-1-100","status":"publish","type":"post","link":"https:\/\/www.portalalerta.com.br\/index.php\/2021\/01\/02\/salario-minimo-e-definido-e-sobe-para-r-1-100\/","title":{"rendered":"Sal\u00e1rio m\u00ednimo \u00e9 definido e sobe para R$ 1.100"},"content":{"rendered":"<p style=\"text-align: justify;\">O presidente Jair Bolsonaro anunciou em redes sociais a assinatura de uma medida provis\u00f3ria (MP) que elevar\u00e1 o sal\u00e1rio m\u00ednimo para R$ 1.100, com vig\u00eancia a partir de 1\u00ba de janeiro. O valor at\u00e9 ent\u00e3o, era de R$ 1.045.<!--more--><\/p>\n<p style=\"text-align: justify;\"><img fetchpriority=\"high\" decoding=\"async\" class=\"size-thumbnail wp-image-4869 aligncenter\" src=\"https:\/\/www.portalalerta.com.br\/wp-content\/uploads\/2018\/02\/Auto-Escola-Nobre-720x181.jpg\" alt=\"\" width=\"720\" height=\"181\" srcset=\"https:\/\/www.portalalerta.com.br\/wp-content\/uploads\/2018\/02\/Auto-Escola-Nobre.jpg 720w, https:\/\/www.portalalerta.com.br\/wp-content\/uploads\/2018\/02\/Auto-Escola-Nobre-260x65.jpg 260w, https:\/\/www.portalalerta.com.br\/wp-content\/uploads\/2018\/02\/Auto-Escola-Nobre-50x13.jpg 50w, https:\/\/www.portalalerta.com.br\/wp-content\/uploads\/2018\/02\/Auto-Escola-Nobre-150x38.jpg 150w\" sizes=\"(max-width: 720px) 100vw, 720px\" \/>\u201cO valor de R$ 1.100,00 se refere ao sal\u00e1rio m\u00ednimo nacional. O valor \u00e9 aplic\u00e1vel a todos os trabalhadores, do setor p\u00fablico e privado, e tamb\u00e9m para as aposentadorias e pens\u00f5es\u201d, afirmou o presidente.<\/p>\n<p style=\"text-align: justify;\">Em meados de dezembro, o Congresso havia aprovado a Lei de Diretrizes Or\u00e7ament\u00e1rias (LDO) para 2021, fixando o sal\u00e1rio-m\u00ednimo em R$ 1.088. Na proposta aprovada pelos parlamentares, n\u00e3o houve aumento real no sal\u00e1rio, tendo sido feita apenas a corre\u00e7\u00e3o com base na previs\u00e3o da infla\u00e7\u00e3o acumulada no ano, de acordo com o \u00cdndice Nacional de Pre\u00e7os ao Consumidor (INPC).<\/p>\n<p style=\"text-align: justify;\"><em>Fonte: iBahia<\/em><\/p>\n","protected":false},"excerpt":{"rendered":"<p>O presidente Jair Bolsonaro anunciou em redes sociais a assinatura de uma medida provis\u00f3ria (MP) que elevar\u00e1 o sal\u00e1rio m\u00ednimo para R$ 1.100, com vig\u00eancia a partir de 1\u00ba de janeiro. O valor at\u00e9 ent\u00e3o, era de R$ 1.045.<\/p>\n","protected":false},"author":2,"featured_media":3398,"comment_status":"open","ping_status":"open","sticky":false,"template":"","format":"standard","meta":{"om_disable_all_campaigns":false,"_monsterinsights_skip_tracking":false,"_monsterinsights_sitenote_active":false,"_monsterinsights_sitenote_note":"","_monsterinsights_sitenote_category":0,"footnotes":""},"categories":[34,70,69],"tags":[100,71,48,49,93,75,45,46,129,107,249,44,132,230,3828,106,203,120,51,109,88,47,272,111,190],"class_list":["post-31613","post","type-post","status-publish","format-standard","has-post-thumbnail","hentry","category-brasil","category-destaques","category-noticias2","tag-adustina","tag-antas","tag-araci","tag-banzae","tag-brasil","tag-cicero-dantas","tag-cipo","tag-crisopolis","tag-euclides-da-cunha","tag-fatima","tag-governo-federal","tag-heliopolis","tag-itapicuru","tag-jeremoabo","tag-noticias","tag-nova-soure","tag-novo-triunfo","tag-olindina","tag-paripiranga","tag-quijingue","tag-ribeira-do-amparo","tag-ribeira-do-pombal","tag-salario-minimo","tag-sitio-do-quinto","tag-tucano"],"aioseo_notices":[],"_links":{"self":[{"href":"https:\/\/www.portalalerta.com.br\/index.php\/wp-json\/wp\/v2\/posts\/31613","targetHints":{"allow":["GET"]}}],"collection":[{"href":"https:\/\/www.portalalerta.com.br\/index.php\/wp-json\/wp\/v2\/posts"}],"about":[{"href":"https:\/\/www.portalalerta.com.br\/index.php\/wp-json\/wp\/v2\/types\/post"}],"author":[{"embeddable":true,"href":"https:\/\/www.portalalerta.com.br\/index.php\/wp-json\/wp\/v2\/users\/2"}],"replies":[{"embeddable":true,"href":"https:\/\/www.portalalerta.com.br\/index.php\/wp-json\/wp\/v2\/comments?post=31613"}],"version-history":[{"count":1,"href":"https:\/\/www.portalalerta.com.br\/index.php\/wp-json\/wp\/v2\/posts\/31613\/revisions"}],"predecessor-version":[{"id":31614,"href":"https:\/\/www.portalalerta.com.br\/index.php\/wp-json\/wp\/v2\/posts\/31613\/revisions\/31614"}],"wp:featuredmedia":[{"embeddable":true,"href":"https:\/\/www.portalalerta.com.br\/index.php\/wp-json\/wp\/v2\/media\/3398"}],"wp:attachment":[{"href":"https:\/\/www.portalalerta.com.br\/index.php\/wp-json\/wp\/v2\/media?parent=31613"}],"wp:term":[{"taxonomy":"category","embeddable":true,"href":"https:\/\/www.portalalerta.com.br\/index.php\/wp-json\/wp\/v2\/categories?post=31613"},{"taxonomy":"post_tag","embeddable":true,"href":"https:\/\/www.portalalerta.com.br\/index.php\/wp-json\/wp\/v2\/tags?post=31613"}],"curies":[{"name":"wp","href":"https:\/\/api.w.org\/{rel}","templated":true}]}}