{"id":31619,"date":"2021-01-02T10:43:47","date_gmt":"2021-01-02T13:43:47","guid":{"rendered":"https:\/\/www.portalalerta.com.br\/?p=31619"},"modified":"2021-01-02T10:43:47","modified_gmt":"2021-01-02T13:43:47","slug":"vice-presidente-dos-eua-vai-contra-trump-e-contesta-nova-tentativa-republicana-de-mudar-resultado-eleitoral","status":"publish","type":"post","link":"https:\/\/www.portalalerta.com.br\/index.php\/2021\/01\/02\/vice-presidente-dos-eua-vai-contra-trump-e-contesta-nova-tentativa-republicana-de-mudar-resultado-eleitoral\/","title":{"rendered":"Vice-presidente dos EUA vai contra Trump e contesta nova tentativa republicana de mudar resultado eleitoral"},"content":{"rendered":"<p style=\"text-align: justify;\">O vice-presidente dos Estados Unidos, o tamb\u00e9m presidente do Senado Mike Pence, solicitou \u00e0 Justi\u00e7a americana nesta quinta (31) a rejei\u00e7\u00e3o de um processo aberto por deputados republicanos para pression\u00e1-lo a anular o resultado das elei\u00e7\u00f5es presidenciais.<!--more--><\/p>\n<div style=\"text-align: justify;\" data-mvc-banner=\"leaderboard\"><\/div>\n<p style=\"text-align: justify;\"><script type=\"text\/javascript\"> (function(storeName) { var b = document.createElement('script'); b.type = 'text\/javascript'; b.async = true; b.src = 'https:\/\/www.magazinevoce.com.br\/js\/banner.js?store='+ storeName; var s = document.getElementsByTagName('script')[0]; s.parentNode.insertBefore(b, s); })('Nvscosta'); <\/script><\/p>\n<p style=\"text-align: justify;\">Segundo o jornal O Globo, a solicita\u00e7\u00e3o feita em nome de Pence pelo Departamento de Justi\u00e7a afirma que o processo, um dos esfor\u00e7os finais do presidente Donald Trump e de seus aliados de boicotar o pleito, \u00e9 uma &#8220;contradi\u00e7\u00e3o jur\u00eddica&#8221;.<\/p>\n<p style=\"text-align: justify;\">No dia 6 deste m\u00eas, a C\u00e2mara dos Deputados e o Senado ir\u00e3o se reunir em uma sess\u00e3o conjunta para contar os votos dos delegados no Col\u00e9gio Eleitoral e proclamar o resultado da elei\u00e7\u00e3o presidencial, em mais uma formalidade do processo eleitoral. No entanto, pol\u00edticos buscam dar a Pence o poder de rejeitar o resultado.<\/p>\n<p style=\"text-align: justify;\"><em>Fonte: Metro1<\/em><\/p>\n","protected":false},"excerpt":{"rendered":"<p>O vice-presidente dos Estados Unidos, o tamb\u00e9m presidente do Senado Mike Pence, solicitou \u00e0 Justi\u00e7a americana nesta quinta (31) a rejei\u00e7\u00e3o de um processo aberto por deputados republicanos para pression\u00e1-lo a anular o resultado das elei\u00e7\u00f5es presidenciais.<\/p>\n","protected":false},"author":2,"featured_media":31620,"comment_status":"open","ping_status":"open","sticky":false,"template":"","format":"standard","meta":{"om_disable_all_campaigns":false,"_monsterinsights_skip_tracking":false,"_monsterinsights_sitenote_active":false,"_monsterinsights_sitenote_note":"","_monsterinsights_sitenote_category":0,"footnotes":""},"categories":[70,35,69,21],"tags":[100,71,48,49,75,45,46,897,3215,327,129,107,44,132,230,4105,339,3828,106,203,120,51,109,88,47,111,190],"class_list":["post-31619","post","type-post","status-publish","format-standard","has-post-thumbnail","hentry","category-destaques","category-mundo","category-noticias2","category-politica","tag-adustina","tag-antas","tag-araci","tag-banzae","tag-cicero-dantas","tag-cipo","tag-crisopolis","tag-donald-trump","tag-eleicoes-2020","tag-eua","tag-euclides-da-cunha","tag-fatima","tag-heliopolis","tag-itapicuru","tag-jeremoabo","tag-mike-pence","tag-mundo","tag-noticias","tag-nova-soure","tag-novo-triunfo","tag-olindina","tag-paripiranga","tag-quijingue","tag-ribeira-do-amparo","tag-ribeira-do-pombal","tag-sitio-do-quinto","tag-tucano"],"aioseo_notices":[],"_links":{"self":[{"href":"https:\/\/www.portalalerta.com.br\/index.php\/wp-json\/wp\/v2\/posts\/31619","targetHints":{"allow":["GET"]}}],"collection":[{"href":"https:\/\/www.portalalerta.com.br\/index.php\/wp-json\/wp\/v2\/posts"}],"about":[{"href":"https:\/\/www.portalalerta.com.br\/index.php\/wp-json\/wp\/v2\/types\/post"}],"author":[{"embeddable":true,"href":"https:\/\/www.portalalerta.com.br\/index.php\/wp-json\/wp\/v2\/users\/2"}],"replies":[{"embeddable":true,"href":"https:\/\/www.portalalerta.com.br\/index.php\/wp-json\/wp\/v2\/comments?post=31619"}],"version-history":[{"count":1,"href":"https:\/\/www.portalalerta.com.br\/index.php\/wp-json\/wp\/v2\/posts\/31619\/revisions"}],"predecessor-version":[{"id":31621,"href":"https:\/\/www.portalalerta.com.br\/index.php\/wp-json\/wp\/v2\/posts\/31619\/revisions\/31621"}],"wp:featuredmedia":[{"embeddable":true,"href":"https:\/\/www.portalalerta.com.br\/index.php\/wp-json\/wp\/v2\/media\/31620"}],"wp:attachment":[{"href":"https:\/\/www.portalalerta.com.br\/index.php\/wp-json\/wp\/v2\/media?parent=31619"}],"wp:term":[{"taxonomy":"category","embeddable":true,"href":"https:\/\/www.portalalerta.com.br\/index.php\/wp-json\/wp\/v2\/categories?post=31619"},{"taxonomy":"post_tag","embeddable":true,"href":"https:\/\/www.portalalerta.com.br\/index.php\/wp-json\/wp\/v2\/tags?post=31619"}],"curies":[{"name":"wp","href":"https:\/\/api.w.org\/{rel}","templated":true}]}}