{"id":31622,"date":"2021-01-02T10:50:07","date_gmt":"2021-01-02T13:50:07","guid":{"rendered":"https:\/\/www.portalalerta.com.br\/?p=31622"},"modified":"2021-01-02T10:50:07","modified_gmt":"2021-01-02T13:50:07","slug":"vereador-bebeto-e-eleito-presidente-da-camara-de-vereadores-de-ribeira-do-pombal-ba","status":"publish","type":"post","link":"https:\/\/www.portalalerta.com.br\/index.php\/2021\/01\/02\/vereador-bebeto-e-eleito-presidente-da-camara-de-vereadores-de-ribeira-do-pombal-ba\/","title":{"rendered":"Vereador Bebeto \u00e9 eleito presidente da C\u00e2mara de vereadores de Ribeira do Pombal-BA"},"content":{"rendered":"<p style=\"text-align: justify;\">Na sess\u00e3o da C\u00e2mara de Vereadores de Ribeira do Pombal, realizada na sexta-feira, 1\u00ba de janeiro 2021, na qual, sobre a Presid\u00eancia do Vereador Ezequias, o vereador mais idoso, os eleitos em 15 de novembro 2020 tomaram posse para os quatro anos de mandato.<!--more--><\/p>\n<p style=\"text-align: justify;\"><img fetchpriority=\"high\" decoding=\"async\" class=\"size-thumbnail wp-image-9394 alignleft\" src=\"https:\/\/www.portalalerta.com.br\/wp-content\/uploads\/2018\/07\/05elab-320x240.jpg\" alt=\"\" width=\"320\" height=\"240\" srcset=\"https:\/\/www.portalalerta.com.br\/wp-content\/uploads\/2018\/07\/05elab-320x240.jpg 320w, https:\/\/www.portalalerta.com.br\/wp-content\/uploads\/2018\/07\/05elab-195x146.jpg 195w, https:\/\/www.portalalerta.com.br\/wp-content\/uploads\/2018\/07\/05elab-50x38.jpg 50w, https:\/\/www.portalalerta.com.br\/wp-content\/uploads\/2018\/07\/05elab-100x75.jpg 100w, https:\/\/www.portalalerta.com.br\/wp-content\/uploads\/2018\/07\/05elab.jpg 400w\" sizes=\"(max-width: 320px) 100vw, 320px\" \/>Ap\u00f3s a posse, foi feita a elei\u00e7\u00e3o para a nova Mesa Diretora 2021\/2022, sendo eleito com oito votos dos quinze poss\u00edveis o vereador Bebeto. A mesa ficou composta da seguinte forma: Presidente &#8211; Bebeto, Vice &#8211; Ataide, 1\u00b0 Secret\u00e1ria &#8211; Narjara Andrade, 2\u00b0 Vice &#8211; Rone de Z\u00e9 Careca, 2\u00b0 secret\u00e1rio &#8211; Nego Ri.<\/p>\n<p style=\"text-align: justify;\">A chapa que tinha S\u00e9rgio da Oficina como candidato a presidente obteve cinco votos dos quinze poss\u00edveis. Os vereadores Dominguinhos e Peu do Gado se abstiveram e n\u00e3o votaram em nenhum dos dois candidatos.<\/p>\n<p style=\"text-align: justify;\">\u00a0<em>Fonte: R\u00e1dio Gazeta Pombal<\/em><\/p>\n<p style=\"text-align: justify;\"><em>Com informa\u00e7\u00f5es: Joilson Costa<\/em><\/p>\n","protected":false},"excerpt":{"rendered":"<p>Na sess\u00e3o da C\u00e2mara de Vereadores de Ribeira do Pombal, realizada na sexta-feira, 1\u00ba de janeiro 2021, na qual, sobre a Presid\u00eancia do Vereador Ezequias, o vereador mais idoso, os eleitos em 15 de novembro 2020 tomaram posse para os quatro anos de mandato.<\/p>\n","protected":false},"author":2,"featured_media":31623,"comment_status":"open","ping_status":"open","sticky":false,"template":"","format":"standard","meta":{"om_disable_all_campaigns":false,"_monsterinsights_skip_tracking":false,"_monsterinsights_sitenote_active":false,"_monsterinsights_sitenote_note":"","_monsterinsights_sitenote_category":0,"footnotes":""},"categories":[70,69,21,32,3],"tags":[100,71,48,49,747,211,75,45,46,129,107,44,132,230,1809,3828,106,203,120,51,94,109,88,47,111,190],"class_list":["post-31622","post","type-post","status-publish","format-standard","has-post-thumbnail","hentry","category-destaques","category-noticias2","category-politica","category-regiao","category-ribeira-do-pombal","tag-adustina","tag-antas","tag-araci","tag-banzae","tag-bebeto","tag-camara-de-vereadores","tag-cicero-dantas","tag-cipo","tag-crisopolis","tag-euclides-da-cunha","tag-fatima","tag-heliopolis","tag-itapicuru","tag-jeremoabo","tag-mesa-diretora","tag-noticias","tag-nova-soure","tag-novo-triunfo","tag-olindina","tag-paripiranga","tag-presidente","tag-quijingue","tag-ribeira-do-amparo","tag-ribeira-do-pombal","tag-sitio-do-quinto","tag-tucano"],"aioseo_notices":[],"_links":{"self":[{"href":"https:\/\/www.portalalerta.com.br\/index.php\/wp-json\/wp\/v2\/posts\/31622","targetHints":{"allow":["GET"]}}],"collection":[{"href":"https:\/\/www.portalalerta.com.br\/index.php\/wp-json\/wp\/v2\/posts"}],"about":[{"href":"https:\/\/www.portalalerta.com.br\/index.php\/wp-json\/wp\/v2\/types\/post"}],"author":[{"embeddable":true,"href":"https:\/\/www.portalalerta.com.br\/index.php\/wp-json\/wp\/v2\/users\/2"}],"replies":[{"embeddable":true,"href":"https:\/\/www.portalalerta.com.br\/index.php\/wp-json\/wp\/v2\/comments?post=31622"}],"version-history":[{"count":1,"href":"https:\/\/www.portalalerta.com.br\/index.php\/wp-json\/wp\/v2\/posts\/31622\/revisions"}],"predecessor-version":[{"id":31624,"href":"https:\/\/www.portalalerta.com.br\/index.php\/wp-json\/wp\/v2\/posts\/31622\/revisions\/31624"}],"wp:featuredmedia":[{"embeddable":true,"href":"https:\/\/www.portalalerta.com.br\/index.php\/wp-json\/wp\/v2\/media\/31623"}],"wp:attachment":[{"href":"https:\/\/www.portalalerta.com.br\/index.php\/wp-json\/wp\/v2\/media?parent=31622"}],"wp:term":[{"taxonomy":"category","embeddable":true,"href":"https:\/\/www.portalalerta.com.br\/index.php\/wp-json\/wp\/v2\/categories?post=31622"},{"taxonomy":"post_tag","embeddable":true,"href":"https:\/\/www.portalalerta.com.br\/index.php\/wp-json\/wp\/v2\/tags?post=31622"}],"curies":[{"name":"wp","href":"https:\/\/api.w.org\/{rel}","templated":true}]}}