{"id":31628,"date":"2021-01-02T15:56:33","date_gmt":"2021-01-02T18:56:33","guid":{"rendered":"https:\/\/www.portalalerta.com.br\/?p=31628"},"modified":"2021-01-02T15:56:33","modified_gmt":"2021-01-02T18:56:33","slug":"oposicao-domina-a-camara-em-ribeira-do-amparo-ba","status":"publish","type":"post","link":"https:\/\/www.portalalerta.com.br\/index.php\/2021\/01\/02\/oposicao-domina-a-camara-em-ribeira-do-amparo-ba\/","title":{"rendered":"Oposi\u00e7\u00e3o domina a C\u00e2mara, em Ribeira do Amparo-BA"},"content":{"rendered":"<p style=\"text-align: justify;\">O Grupo da oposi\u00e7\u00e3o em Ribeira do Amparo elegeu Vereador Edinho Presidente da C\u00e2mara, e marchar\u00e1 junto com Teti e Vilson em busca de fazer um trabalho diferente, com responsabilidade, fiscaliza\u00e7\u00e3o e atendimento \u00e0 popula\u00e7\u00e3o.<!--more--><\/p>\n<p style=\"text-align: justify;\"><img fetchpriority=\"high\" decoding=\"async\" class=\"alignleft wp-image-31572\" src=\"https:\/\/www.portalalerta.com.br\/wp-content\/uploads\/2020\/12\/Ano-Novo-Real-135x240.jpeg\" alt=\"\" width=\"300\" height=\"533\" \/>A Mesa Diretora da C\u00e2mara de Ribeira do Amparo, ficou com a seguinte composi\u00e7\u00e3o: Presidente Vereador Professor Edinho, Vice Presidente Vereadora Ivonete, Primeiro Secret\u00e1rio Vereador Carlos Leal, Segunda Secretaria Vereadora Daniela, e L\u00edder do grupo da Oposi\u00e7\u00e3o na c\u00e2mara Vereador Alberico.<\/p>\n<p style=\"text-align: justify;\"><em>Fonte: Joilson Costa<\/em><\/p>\n","protected":false},"excerpt":{"rendered":"<p>O Grupo da oposi\u00e7\u00e3o em Ribeira do Amparo elegeu Vereador Edinho Presidente da C\u00e2mara, e marchar\u00e1 junto com Teti e Vilson em busca de fazer um trabalho diferente, com responsabilidade, fiscaliza\u00e7\u00e3o e atendimento \u00e0 popula\u00e7\u00e3o.<\/p>\n","protected":false},"author":2,"featured_media":5772,"comment_status":"open","ping_status":"open","sticky":false,"template":"","format":"standard","meta":{"om_disable_all_campaigns":false,"_monsterinsights_skip_tracking":false,"_monsterinsights_sitenote_active":false,"_monsterinsights_sitenote_note":"","_monsterinsights_sitenote_category":0,"footnotes":""},"categories":[70,69,21,32,16],"tags":[100,71,48,49,211,75,45,46,129,107,44,132,230,3828,106,203,120,646,51,109,88,47,111,190],"class_list":["post-31628","post","type-post","status-publish","format-standard","has-post-thumbnail","hentry","category-destaques","category-noticias2","category-politica","category-regiao","category-ribeira-do-amparo","tag-adustina","tag-antas","tag-araci","tag-banzae","tag-camara-de-vereadores","tag-cicero-dantas","tag-cipo","tag-crisopolis","tag-euclides-da-cunha","tag-fatima","tag-heliopolis","tag-itapicuru","tag-jeremoabo","tag-noticias","tag-nova-soure","tag-novo-triunfo","tag-olindina","tag-oposicao","tag-paripiranga","tag-quijingue","tag-ribeira-do-amparo","tag-ribeira-do-pombal","tag-sitio-do-quinto","tag-tucano"],"aioseo_notices":[],"_links":{"self":[{"href":"https:\/\/www.portalalerta.com.br\/index.php\/wp-json\/wp\/v2\/posts\/31628","targetHints":{"allow":["GET"]}}],"collection":[{"href":"https:\/\/www.portalalerta.com.br\/index.php\/wp-json\/wp\/v2\/posts"}],"about":[{"href":"https:\/\/www.portalalerta.com.br\/index.php\/wp-json\/wp\/v2\/types\/post"}],"author":[{"embeddable":true,"href":"https:\/\/www.portalalerta.com.br\/index.php\/wp-json\/wp\/v2\/users\/2"}],"replies":[{"embeddable":true,"href":"https:\/\/www.portalalerta.com.br\/index.php\/wp-json\/wp\/v2\/comments?post=31628"}],"version-history":[{"count":1,"href":"https:\/\/www.portalalerta.com.br\/index.php\/wp-json\/wp\/v2\/posts\/31628\/revisions"}],"predecessor-version":[{"id":31629,"href":"https:\/\/www.portalalerta.com.br\/index.php\/wp-json\/wp\/v2\/posts\/31628\/revisions\/31629"}],"wp:featuredmedia":[{"embeddable":true,"href":"https:\/\/www.portalalerta.com.br\/index.php\/wp-json\/wp\/v2\/media\/5772"}],"wp:attachment":[{"href":"https:\/\/www.portalalerta.com.br\/index.php\/wp-json\/wp\/v2\/media?parent=31628"}],"wp:term":[{"taxonomy":"category","embeddable":true,"href":"https:\/\/www.portalalerta.com.br\/index.php\/wp-json\/wp\/v2\/categories?post=31628"},{"taxonomy":"post_tag","embeddable":true,"href":"https:\/\/www.portalalerta.com.br\/index.php\/wp-json\/wp\/v2\/tags?post=31628"}],"curies":[{"name":"wp","href":"https:\/\/api.w.org\/{rel}","templated":true}]}}