{"id":31633,"date":"2021-01-02T17:08:00","date_gmt":"2021-01-02T20:08:00","guid":{"rendered":"https:\/\/www.portalalerta.com.br\/?p=31633"},"modified":"2021-01-02T17:08:00","modified_gmt":"2021-01-02T20:08:00","slug":"novo-prefeito-eriksson-silva-assume-com-o-lema-ribeira-do-pombal-capital-do-semiarido","status":"publish","type":"post","link":"https:\/\/www.portalalerta.com.br\/index.php\/2021\/01\/02\/novo-prefeito-eriksson-silva-assume-com-o-lema-ribeira-do-pombal-capital-do-semiarido\/","title":{"rendered":"Novo prefeito, Eriksson Silva, assume com o lema: \u201cRibeira do Pombal, Capital do Semi\u00e1rido\u201d"},"content":{"rendered":"<p style=\"text-align: justify;\">Em sess\u00e3o transmitida pelas redes sociais, a popula\u00e7\u00e3o p\u00f4de acompanhar seu novo prefeito, Eriksson Silva, ser empossado em sess\u00e3o solene, nessa sexta-feira, 1\u00ba de janeiro, na C\u00e2mara de Vereadores, dando in\u00edcio ao novo governo municipal de Ribeira do Pombal-BA para o per\u00edodo 2021 \u2013 2024.<!--more--><\/p>\n<p style=\"text-align: justify;\"><img fetchpriority=\"high\" decoding=\"async\" class=\"size-thumbnail wp-image-9394 alignleft\" src=\"https:\/\/www.portalalerta.com.br\/wp-content\/uploads\/2018\/07\/05elab-320x240.jpg\" alt=\"\" width=\"320\" height=\"240\" srcset=\"https:\/\/www.portalalerta.com.br\/wp-content\/uploads\/2018\/07\/05elab-320x240.jpg 320w, https:\/\/www.portalalerta.com.br\/wp-content\/uploads\/2018\/07\/05elab-195x146.jpg 195w, https:\/\/www.portalalerta.com.br\/wp-content\/uploads\/2018\/07\/05elab-50x38.jpg 50w, https:\/\/www.portalalerta.com.br\/wp-content\/uploads\/2018\/07\/05elab-100x75.jpg 100w, https:\/\/www.portalalerta.com.br\/wp-content\/uploads\/2018\/07\/05elab.jpg 400w\" sizes=\"(max-width: 320px) 100vw, 320px\" \/>O ex-prefeito, Ricardo Maia, que se fez presente, foi alvo de homenagens e discursos calorosos de agradecimento; e o Prefeito Eriksson, al\u00e9m de agradecer a confian\u00e7a recebida pelo ex-gestor e pela popula\u00e7\u00e3o, falou de futuro. Dando o tom do que ser\u00e1 seu governo, ele destacou a import\u00e2ncia de pol\u00edticas p\u00fablicas regionais e do tema \u201cgera\u00e7\u00e3o de renda\u201d para um munic\u00edpio com a import\u00e2ncia que Pombal ganhou nos \u00faltimos anos.<\/p>\n<p style=\"text-align: justify;\">\u201cPombal, Capital do Semi\u00e1rido\u201d, esse \u00e9 o slogan da nova gest\u00e3o, que demonstra a ousadia do novo governo municipal em valorizar o sentimento de orgulho em ser pombalense e apresenta o objetivo de consolidar o munic\u00edpio como uma das principais cidades do interior da Bahia nos pr\u00f3ximos anos.<\/p>\n<h2 style=\"text-align: justify;\">Secretariado \u00e9 formado por t\u00e9cnicos e secret\u00e1rios experientes<\/h2>\n<p style=\"text-align: justify;\"><img decoding=\"async\" class=\"aligncenter wp-image-31634 size-full\" src=\"https:\/\/www.portalalerta.com.br\/wp-content\/uploads\/2021\/01\/secret\u00e1rios-de-Eriksson-Silva-2020.jpg\" alt=\"\" width=\"430\" height=\"280\" srcset=\"https:\/\/www.portalalerta.com.br\/wp-content\/uploads\/2021\/01\/secret\u00e1rios-de-Eriksson-Silva-2020.jpg 430w, https:\/\/www.portalalerta.com.br\/wp-content\/uploads\/2021\/01\/secret\u00e1rios-de-Eriksson-Silva-2020-369x240.jpg 369w, https:\/\/www.portalalerta.com.br\/wp-content\/uploads\/2021\/01\/secret\u00e1rios-de-Eriksson-Silva-2020-224x146.jpg 224w, https:\/\/www.portalalerta.com.br\/wp-content\/uploads\/2021\/01\/secret\u00e1rios-de-Eriksson-Silva-2020-50x33.jpg 50w, https:\/\/www.portalalerta.com.br\/wp-content\/uploads\/2021\/01\/secret\u00e1rios-de-Eriksson-Silva-2020-115x75.jpg 115w\" sizes=\"(max-width: 430px) 100vw, 430px\" \/>Ainda durante a sess\u00e3o de posse, Eriksson Silva aproveitou para escalar seu time de secret\u00e1rios que vai integrar o primeiro escal\u00e3o do governo que se inicia.<\/p>\n<p style=\"text-align: justify;\">Ser\u00e1 um grupo de t\u00e9cnicos e ex-secret\u00e1rios, com not\u00f3ria experi\u00eancia, al\u00e9m de contar com uma peculiaridade in\u00e9dita, metade da equipe \u00e9 composta por mulheres, um sinal positivo de incentivando e valorizando a acess\u00e3o feminina nos espa\u00e7os de poder.<\/p>\n<p style=\"text-align: justify;\">Permaneceram nos cargos: Lakcelma Costa (<strong>Secretaria de Sa\u00fade<\/strong>), Jairo Monteiro Filho (<strong>Agropecu\u00e1ria, Industria e Com\u00e9rcio<\/strong>), e Maria Helena (<strong>Trabalho e A\u00e7\u00e3o Social<\/strong>).<\/p>\n<p style=\"text-align: justify;\">As demais secretarias ser\u00e3o ocupadas por novos titulares, sendo eles: A primeira Dama Aline Silva (<strong>Educa\u00e7\u00e3o<\/strong>), a ex-secret\u00e1ria, Fabiana Silva (<strong>Secretaria de Governo<\/strong>), o Educador F\u00edsico Ant\u00f4nio Yanetti (<strong>Esporte, Cultura, Turismo e Lazer<\/strong>), a advogada Nara Nobre (<strong>Meio Ambiente e Recursos H\u00eddrico<\/strong>s), o ex-vereador Z\u00e9 Valdo (<strong>Obras, Urbanismo e Servi\u00e7os P\u00fablicos<\/strong>), o ex-vereador Netinho (<strong>Tr\u00e2nsito, Transporte e Mobilidade Urbana<\/strong>), o ex-secret\u00e1rio Armando da Fonseca (<strong>Advocacia Geral<\/strong>), e o Engenheiro Cl\u00e9cio Fernando (<strong>Administra\u00e7\u00e3o e Finan\u00e7as<\/strong>).<\/p>\n<p style=\"text-align: justify;\"><em>Fonte: ASCOM\/ Ribeira do Pombal<\/em><\/p>\n","protected":false},"excerpt":{"rendered":"<p>Em sess\u00e3o transmitida pelas redes sociais, a popula\u00e7\u00e3o p\u00f4de acompanhar seu novo prefeito, Eriksson Silva, ser empossado em sess\u00e3o solene, nessa sexta-feira, 1\u00ba de janeiro, na C\u00e2mara de Vereadores, dando in\u00edcio ao novo governo municipal de Ribeira do Pombal-BA para o per\u00edodo 2021 \u2013 2024.<\/p>\n","protected":false},"author":2,"featured_media":31635,"comment_status":"open","ping_status":"open","sticky":false,"template":"","format":"standard","meta":{"om_disable_all_campaigns":false,"_monsterinsights_skip_tracking":false,"_monsterinsights_sitenote_active":false,"_monsterinsights_sitenote_note":"","_monsterinsights_sitenote_category":0,"footnotes":""},"categories":[70,69,21,32,3],"tags":[3615,100,71,48,49,75,45,46,129,107,44,132,230,3828,106,203,120,51,199,603,198,109,88,47,3553,111,190],"class_list":["post-31633","post","type-post","status-publish","format-standard","has-post-thumbnail","hentry","category-destaques","category-noticias2","category-politica","category-regiao","category-ribeira-do-pombal","tag-3615","tag-adustina","tag-antas","tag-araci","tag-banzae","tag-cicero-dantas","tag-cipo","tag-crisopolis","tag-euclides-da-cunha","tag-fatima","tag-heliopolis","tag-itapicuru","tag-jeremoabo","tag-noticias","tag-nova-soure","tag-novo-triunfo","tag-olindina","tag-paripiranga","tag-politica","tag-posse","tag-prefeito","tag-quijingue","tag-ribeira-do-amparo","tag-ribeira-do-pombal","tag-secretarios","tag-sitio-do-quinto","tag-tucano"],"aioseo_notices":[],"_links":{"self":[{"href":"https:\/\/www.portalalerta.com.br\/index.php\/wp-json\/wp\/v2\/posts\/31633","targetHints":{"allow":["GET"]}}],"collection":[{"href":"https:\/\/www.portalalerta.com.br\/index.php\/wp-json\/wp\/v2\/posts"}],"about":[{"href":"https:\/\/www.portalalerta.com.br\/index.php\/wp-json\/wp\/v2\/types\/post"}],"author":[{"embeddable":true,"href":"https:\/\/www.portalalerta.com.br\/index.php\/wp-json\/wp\/v2\/users\/2"}],"replies":[{"embeddable":true,"href":"https:\/\/www.portalalerta.com.br\/index.php\/wp-json\/wp\/v2\/comments?post=31633"}],"version-history":[{"count":1,"href":"https:\/\/www.portalalerta.com.br\/index.php\/wp-json\/wp\/v2\/posts\/31633\/revisions"}],"predecessor-version":[{"id":31636,"href":"https:\/\/www.portalalerta.com.br\/index.php\/wp-json\/wp\/v2\/posts\/31633\/revisions\/31636"}],"wp:featuredmedia":[{"embeddable":true,"href":"https:\/\/www.portalalerta.com.br\/index.php\/wp-json\/wp\/v2\/media\/31635"}],"wp:attachment":[{"href":"https:\/\/www.portalalerta.com.br\/index.php\/wp-json\/wp\/v2\/media?parent=31633"}],"wp:term":[{"taxonomy":"category","embeddable":true,"href":"https:\/\/www.portalalerta.com.br\/index.php\/wp-json\/wp\/v2\/categories?post=31633"},{"taxonomy":"post_tag","embeddable":true,"href":"https:\/\/www.portalalerta.com.br\/index.php\/wp-json\/wp\/v2\/tags?post=31633"}],"curies":[{"name":"wp","href":"https:\/\/api.w.org\/{rel}","templated":true}]}}