{"id":31639,"date":"2021-01-02T22:29:51","date_gmt":"2021-01-03T01:29:51","guid":{"rendered":"https:\/\/www.portalalerta.com.br\/?p=31639"},"modified":"2021-01-02T22:29:51","modified_gmt":"2021-01-03T01:29:51","slug":"oposicao-elege-mesa-diretora-da-camara-em-jeremoabo-ba","status":"publish","type":"post","link":"https:\/\/www.portalalerta.com.br\/index.php\/2021\/01\/02\/oposicao-elege-mesa-diretora-da-camara-em-jeremoabo-ba\/","title":{"rendered":"Oposi\u00e7\u00e3o elege Mesa Diretora da C\u00e2mara em Jeremoabo-BA"},"content":{"rendered":"<p style=\"text-align: justify;\">No munic\u00edpio de Jeramoabo-BA, a elei\u00e7\u00e3o do presidente da C\u00e2mara ocorreu sem problemas e a bancada da oposi\u00e7\u00e3o elegeu a Mesa Diretora para o bi\u00eanio 2021\/2022.<!--more--><\/p>\n<p style=\"text-align: justify;\"><img fetchpriority=\"high\" decoding=\"async\" class=\"alignleft wp-image-31572\" src=\"https:\/\/www.portalalerta.com.br\/wp-content\/uploads\/2020\/12\/Ano-Novo-Real-135x240.jpeg\" alt=\"\" width=\"300\" height=\"533\" \/>Ap\u00f3s vota\u00e7\u00e3o, por 7&#215;6, o vereador Kak\u00e1 de Sonso (PSD) foi eleito Presidente da C\u00e2mara tendo como companheiros de Mesa, o vereador Z\u00e9 Mi\u00fado (Republicanos) como vice-presidente; Dr. Sidney (Republicanos) como 1\u00ba. Secret\u00e1rio e Neguinho de Li\u00e9 (PSD) como 2\u00ba. Secret\u00e1rio.<\/p>\n<p style=\"text-align: justify;\">A chapa venceu a concorrente que tinha o vereador Jairo (PP) como candidato a Presidente; Z\u00e9 de Zezito (PP) como vice-presidente; Ivande (PP) como 1\u00ba. Secret\u00e1rio e Josefa Albertina como 2\u00ba. Secret\u00e1rio.<\/p>\n<p style=\"text-align: justify;\"><em>Fonte: Joilson Costa<\/em><\/p>\n<p style=\"text-align: justify;\"><em>Com informa\u00e7\u00f5es: Jeremoabo.com<\/em><\/p>\n","protected":false},"excerpt":{"rendered":"<p>No munic\u00edpio de Jeramoabo-BA, a elei\u00e7\u00e3o do presidente da C\u00e2mara ocorreu sem problemas e a bancada da oposi\u00e7\u00e3o elegeu a Mesa Diretora para o bi\u00eanio 2021\/2022.<\/p>\n","protected":false},"author":2,"featured_media":31640,"comment_status":"open","ping_status":"open","sticky":false,"template":"","format":"standard","meta":{"om_disable_all_campaigns":false,"_monsterinsights_skip_tracking":false,"_monsterinsights_sitenote_active":false,"_monsterinsights_sitenote_note":"","_monsterinsights_sitenote_category":0,"footnotes":""},"categories":[70,9,69,21,32],"tags":[100,71,48,49,211,75,45,46,1808,129,107,44,132,230,3828,106,203,120,646,51,1454,109,88,47,111,190],"class_list":["post-31639","post","type-post","status-publish","format-standard","has-post-thumbnail","hentry","category-destaques","category-jeremoabo","category-noticias2","category-politica","category-regiao","tag-adustina","tag-antas","tag-araci","tag-banzae","tag-camara-de-vereadores","tag-cicero-dantas","tag-cipo","tag-crisopolis","tag-eleicao","tag-euclides-da-cunha","tag-fatima","tag-heliopolis","tag-itapicuru","tag-jeremoabo","tag-noticias","tag-nova-soure","tag-novo-triunfo","tag-olindina","tag-oposicao","tag-paripiranga","tag-presidente-da-camara","tag-quijingue","tag-ribeira-do-amparo","tag-ribeira-do-pombal","tag-sitio-do-quinto","tag-tucano"],"aioseo_notices":[],"_links":{"self":[{"href":"https:\/\/www.portalalerta.com.br\/index.php\/wp-json\/wp\/v2\/posts\/31639","targetHints":{"allow":["GET"]}}],"collection":[{"href":"https:\/\/www.portalalerta.com.br\/index.php\/wp-json\/wp\/v2\/posts"}],"about":[{"href":"https:\/\/www.portalalerta.com.br\/index.php\/wp-json\/wp\/v2\/types\/post"}],"author":[{"embeddable":true,"href":"https:\/\/www.portalalerta.com.br\/index.php\/wp-json\/wp\/v2\/users\/2"}],"replies":[{"embeddable":true,"href":"https:\/\/www.portalalerta.com.br\/index.php\/wp-json\/wp\/v2\/comments?post=31639"}],"version-history":[{"count":1,"href":"https:\/\/www.portalalerta.com.br\/index.php\/wp-json\/wp\/v2\/posts\/31639\/revisions"}],"predecessor-version":[{"id":31641,"href":"https:\/\/www.portalalerta.com.br\/index.php\/wp-json\/wp\/v2\/posts\/31639\/revisions\/31641"}],"wp:featuredmedia":[{"embeddable":true,"href":"https:\/\/www.portalalerta.com.br\/index.php\/wp-json\/wp\/v2\/media\/31640"}],"wp:attachment":[{"href":"https:\/\/www.portalalerta.com.br\/index.php\/wp-json\/wp\/v2\/media?parent=31639"}],"wp:term":[{"taxonomy":"category","embeddable":true,"href":"https:\/\/www.portalalerta.com.br\/index.php\/wp-json\/wp\/v2\/categories?post=31639"},{"taxonomy":"post_tag","embeddable":true,"href":"https:\/\/www.portalalerta.com.br\/index.php\/wp-json\/wp\/v2\/tags?post=31639"}],"curies":[{"name":"wp","href":"https:\/\/api.w.org\/{rel}","templated":true}]}}