{"id":31652,"date":"2021-01-03T10:19:27","date_gmt":"2021-01-03T13:19:27","guid":{"rendered":"https:\/\/www.portalalerta.com.br\/?p=31652"},"modified":"2021-01-03T10:19:27","modified_gmt":"2021-01-03T13:19:27","slug":"candidato-apoiado-por-luciano-pinheiro-perde-a-eleicao-para-a-presidencia-da-camara-em-euclides-da-cunha-ba","status":"publish","type":"post","link":"https:\/\/www.portalalerta.com.br\/index.php\/2021\/01\/03\/candidato-apoiado-por-luciano-pinheiro-perde-a-eleicao-para-a-presidencia-da-camara-em-euclides-da-cunha-ba\/","title":{"rendered":"Candidato apoiado por Luciano Pinheiro, perde a elei\u00e7\u00e3o para a presid\u00eancia da C\u00e2mara em Euclides da Cunha-BA"},"content":{"rendered":"<p style=\"text-align: justify;\">O bloco formado com seis vereadores da oposi\u00e7\u00e3o, Tida da \u00c1gua (PDT) e Junior da Pax (PDT) consegue maioria, desbanca o grupo do prefeito Luciano Pinheiro (PDT) e venceu a disputa para a mesa diretora de Euclides da Cunha-BA para o bi\u00eanio 2021\/2022.<!--more--><\/p>\n<p style=\"text-align: justify;\"><img fetchpriority=\"high\" decoding=\"async\" class=\"alignleft wp-image-31572\" src=\"https:\/\/www.portalalerta.com.br\/wp-content\/uploads\/2020\/12\/Ano-Novo-Real-135x240.jpeg\" alt=\"\" width=\"300\" height=\"533\" \/>A elei\u00e7\u00e3o aconteceu na manh\u00e3 da \u00faltima sexta-feira, 1\u00ba, com abertura dos trabalhos da nova legislatura. O placar foi 8 para a chapa Tida da \u00c1gua e 7 para a chapa Ireno Barreto. Esse resultado foi poss\u00edvel pelo distanciamento dos vereadores Junior da Pax (PDT) e Tita da \u00c1gua (PDT) do grupo da situa\u00e7\u00e3o, que caiu de 9 para 7, nessa situa\u00e7\u00e3o.<\/p>\n<p style=\"text-align: justify;\"><em>Fonte: Joilson Costa<\/em><\/p>\n<p style=\"text-align: justify;\"><em>Com informa\u00e7\u00f5es: euclidesdacunha.com.br<\/em><\/p>\n","protected":false},"excerpt":{"rendered":"<p>O bloco formado com seis vereadores da oposi\u00e7\u00e3o, Tida da \u00c1gua (PDT) e Junior da Pax (PDT) consegue maioria, desbanca o grupo do prefeito Luciano Pinheiro (PDT) e venceu a disputa para a mesa diretora de Euclides da Cunha-BA para o bi\u00eanio 2021\/2022.<\/p>\n","protected":false},"author":2,"featured_media":31653,"comment_status":"open","ping_status":"open","sticky":false,"template":"","format":"standard","meta":{"om_disable_all_campaigns":false,"_monsterinsights_skip_tracking":false,"_monsterinsights_sitenote_active":false,"_monsterinsights_sitenote_note":"","_monsterinsights_sitenote_category":0,"footnotes":""},"categories":[70,17,69,21,32],"tags":[100,71,48,49,211,75,45,46,1808,129,107,44,132,230,3828,106,203,120,51,199,4106,1454,109,88,47,111,190],"class_list":["post-31652","post","type-post","status-publish","format-standard","has-post-thumbnail","hentry","category-destaques","category-euclides-da-cunha","category-noticias2","category-politica","category-regiao","tag-adustina","tag-antas","tag-araci","tag-banzae","tag-camara-de-vereadores","tag-cicero-dantas","tag-cipo","tag-crisopolis","tag-eleicao","tag-euclides-da-cunha","tag-fatima","tag-heliopolis","tag-itapicuru","tag-jeremoabo","tag-noticias","tag-nova-soure","tag-novo-triunfo","tag-olindina","tag-paripiranga","tag-politica","tag-presidencia-da-camara","tag-presidente-da-camara","tag-quijingue","tag-ribeira-do-amparo","tag-ribeira-do-pombal","tag-sitio-do-quinto","tag-tucano"],"aioseo_notices":[],"_links":{"self":[{"href":"https:\/\/www.portalalerta.com.br\/index.php\/wp-json\/wp\/v2\/posts\/31652","targetHints":{"allow":["GET"]}}],"collection":[{"href":"https:\/\/www.portalalerta.com.br\/index.php\/wp-json\/wp\/v2\/posts"}],"about":[{"href":"https:\/\/www.portalalerta.com.br\/index.php\/wp-json\/wp\/v2\/types\/post"}],"author":[{"embeddable":true,"href":"https:\/\/www.portalalerta.com.br\/index.php\/wp-json\/wp\/v2\/users\/2"}],"replies":[{"embeddable":true,"href":"https:\/\/www.portalalerta.com.br\/index.php\/wp-json\/wp\/v2\/comments?post=31652"}],"version-history":[{"count":1,"href":"https:\/\/www.portalalerta.com.br\/index.php\/wp-json\/wp\/v2\/posts\/31652\/revisions"}],"predecessor-version":[{"id":31654,"href":"https:\/\/www.portalalerta.com.br\/index.php\/wp-json\/wp\/v2\/posts\/31652\/revisions\/31654"}],"wp:featuredmedia":[{"embeddable":true,"href":"https:\/\/www.portalalerta.com.br\/index.php\/wp-json\/wp\/v2\/media\/31653"}],"wp:attachment":[{"href":"https:\/\/www.portalalerta.com.br\/index.php\/wp-json\/wp\/v2\/media?parent=31652"}],"wp:term":[{"taxonomy":"category","embeddable":true,"href":"https:\/\/www.portalalerta.com.br\/index.php\/wp-json\/wp\/v2\/categories?post=31652"},{"taxonomy":"post_tag","embeddable":true,"href":"https:\/\/www.portalalerta.com.br\/index.php\/wp-json\/wp\/v2\/tags?post=31652"}],"curies":[{"name":"wp","href":"https:\/\/api.w.org\/{rel}","templated":true}]}}