{"id":31655,"date":"2021-01-03T10:33:25","date_gmt":"2021-01-03T13:33:25","guid":{"rendered":"https:\/\/www.portalalerta.com.br\/?p=31655"},"modified":"2021-01-03T10:33:25","modified_gmt":"2021-01-03T13:33:25","slug":"bahia-registra-602-casos-de-covid-19-em-24h-com-28-mortes-pela-doenca","status":"publish","type":"post","link":"https:\/\/www.portalalerta.com.br\/index.php\/2021\/01\/03\/bahia-registra-602-casos-de-covid-19-em-24h-com-28-mortes-pela-doenca\/","title":{"rendered":"Bahia registra 602 casos de Covid-19 em 24h, com 28 mortes pela doen\u00e7a"},"content":{"rendered":"<p style=\"text-align: justify;\">A Bahia registrou 602 casos de Covid-19 nas \u00faltimas 24 horas, com 28 mortes pela doen\u00e7a, segundo dados divulgados hoje (2) pela Secretaria de Sa\u00fade do Estado (Sesab). Houve, ainda, 1.292 recuperados.<!--more--><\/p>\n<div style=\"text-align: justify;\" data-mvc-banner=\"leaderboard\"><\/div>\n<p style=\"text-align: justify;\"><script type=\"text\/javascript\"> (function(storeName) { var b = document.createElement('script'); b.type = 'text\/javascript'; b.async = true; b.src = 'https:\/\/www.magazinevoce.com.br\/js\/banner.js?store='+ storeName; var s = document.getElementsByTagName('script')[0]; s.parentNode.insertBefore(b, s); })('Nvscosta'); <\/script><\/p>\n<p style=\"text-align: justify;\">Dos 495.286 casos confirmados em todos os 417 munic\u00edpios baianos desde o in\u00edcio da pandemia, 481.009 j\u00e1 s\u00e3o considerados recuperados e 5.090 encontram-se ativos. No total, 9.187 mortes foram registradas.<\/p>\n<p style=\"text-align: justify;\">Na Bahia, 36.761 profissionais da sa\u00fade foram confirmados para Covid-19.<\/p>\n<p style=\"text-align: justify;\"><em>Fonte: Metro1<\/em><\/p>\n","protected":false},"excerpt":{"rendered":"<p>A Bahia registrou 602 casos de Covid-19 nas \u00faltimas 24 horas, com 28 mortes pela doen\u00e7a, segundo dados divulgados hoje (2) pela Secretaria de Sa\u00fade do Estado (Sesab). Houve, ainda, 1.292 recuperados.<\/p>\n","protected":false},"author":2,"featured_media":22980,"comment_status":"open","ping_status":"open","sticky":false,"template":"","format":"standard","meta":{"om_disable_all_campaigns":false,"_monsterinsights_skip_tracking":false,"_monsterinsights_sitenote_active":false,"_monsterinsights_sitenote_note":"","_monsterinsights_sitenote_category":0,"footnotes":""},"categories":[33,70,69,19],"tags":[100,71,48,54,49,75,45,3429,3486,46,3841,129,107,44,3724,132,230,439,3828,106,203,120,51,109,88,47,61,111,190],"class_list":["post-31655","post","type-post","status-publish","format-standard","has-post-thumbnail","hentry","category-bahia","category-destaques","category-noticias2","category-saude","tag-adustina","tag-antas","tag-araci","tag-bahia","tag-banzae","tag-cicero-dantas","tag-cipo","tag-coronavirus","tag-covid-19","tag-crisopolis","tag-curados","tag-euclides-da-cunha","tag-fatima","tag-heliopolis","tag-infeccao","tag-itapicuru","tag-jeremoabo","tag-mortes","tag-noticias","tag-nova-soure","tag-novo-triunfo","tag-olindina","tag-paripiranga","tag-quijingue","tag-ribeira-do-amparo","tag-ribeira-do-pombal","tag-saude","tag-sitio-do-quinto","tag-tucano"],"aioseo_notices":[],"_links":{"self":[{"href":"https:\/\/www.portalalerta.com.br\/index.php\/wp-json\/wp\/v2\/posts\/31655","targetHints":{"allow":["GET"]}}],"collection":[{"href":"https:\/\/www.portalalerta.com.br\/index.php\/wp-json\/wp\/v2\/posts"}],"about":[{"href":"https:\/\/www.portalalerta.com.br\/index.php\/wp-json\/wp\/v2\/types\/post"}],"author":[{"embeddable":true,"href":"https:\/\/www.portalalerta.com.br\/index.php\/wp-json\/wp\/v2\/users\/2"}],"replies":[{"embeddable":true,"href":"https:\/\/www.portalalerta.com.br\/index.php\/wp-json\/wp\/v2\/comments?post=31655"}],"version-history":[{"count":1,"href":"https:\/\/www.portalalerta.com.br\/index.php\/wp-json\/wp\/v2\/posts\/31655\/revisions"}],"predecessor-version":[{"id":31656,"href":"https:\/\/www.portalalerta.com.br\/index.php\/wp-json\/wp\/v2\/posts\/31655\/revisions\/31656"}],"wp:featuredmedia":[{"embeddable":true,"href":"https:\/\/www.portalalerta.com.br\/index.php\/wp-json\/wp\/v2\/media\/22980"}],"wp:attachment":[{"href":"https:\/\/www.portalalerta.com.br\/index.php\/wp-json\/wp\/v2\/media?parent=31655"}],"wp:term":[{"taxonomy":"category","embeddable":true,"href":"https:\/\/www.portalalerta.com.br\/index.php\/wp-json\/wp\/v2\/categories?post=31655"},{"taxonomy":"post_tag","embeddable":true,"href":"https:\/\/www.portalalerta.com.br\/index.php\/wp-json\/wp\/v2\/tags?post=31655"}],"curies":[{"name":"wp","href":"https:\/\/api.w.org\/{rel}","templated":true}]}}