{"id":31662,"date":"2021-01-03T16:31:42","date_gmt":"2021-01-03T19:31:42","guid":{"rendered":"https:\/\/www.portalalerta.com.br\/?p=31662"},"modified":"2021-01-03T16:31:42","modified_gmt":"2021-01-03T19:31:42","slug":"anvisa-autoriza-importacao-de-2-milhoes-de-doses-da-vacina-de-oxford","status":"publish","type":"post","link":"https:\/\/www.portalalerta.com.br\/index.php\/2021\/01\/03\/anvisa-autoriza-importacao-de-2-milhoes-de-doses-da-vacina-de-oxford\/","title":{"rendered":"Anvisa autoriza importa\u00e7\u00e3o de 2 milh\u00f5es de doses da vacina de Oxford"},"content":{"rendered":"<p style=\"text-align: justify;\">A Ag\u00eancia Nacional de Vigil\u00e2ncia Sanit\u00e1ria (Anvisa) anunciou no \u00faltimo s\u00e1bado (2), que liberou a importa\u00e7\u00e3o excepcional de 2 milh\u00f5es de doses da vacina produzida pela Universidade de Oxford em parceria com o laborat\u00f3rio AstraZeneca contra o coronav\u00edrus pela Funda\u00e7\u00e3o Oswaldo Cruz (Fiocruz). A decis\u00e3o foi assinada na \u00faltima quinta-feira, 31 de dezembro, segundo a nota, mesmo dia em que a funda\u00e7\u00e3o entrou com o pedido para importar o imunizante.<!--more--><\/p>\n<p style=\"text-align: justify;\"><img fetchpriority=\"high\" decoding=\"async\" class=\"size-thumbnail wp-image-4869 aligncenter\" src=\"https:\/\/www.portalalerta.com.br\/wp-content\/uploads\/2018\/02\/Auto-Escola-Nobre-720x181.jpg\" alt=\"\" width=\"720\" height=\"181\" srcset=\"https:\/\/www.portalalerta.com.br\/wp-content\/uploads\/2018\/02\/Auto-Escola-Nobre.jpg 720w, https:\/\/www.portalalerta.com.br\/wp-content\/uploads\/2018\/02\/Auto-Escola-Nobre-260x65.jpg 260w, https:\/\/www.portalalerta.com.br\/wp-content\/uploads\/2018\/02\/Auto-Escola-Nobre-50x13.jpg 50w, https:\/\/www.portalalerta.com.br\/wp-content\/uploads\/2018\/02\/Auto-Escola-Nobre-150x38.jpg 150w\" sizes=\"(max-width: 720px) 100vw, 720px\" \/>No pedido feito pela Fiocruz, a indica\u00e7\u00e3o \u00e9 que as vacinas cheguem ao pa\u00eds ainda em janeiro. A importa\u00e7\u00e3o \u00e9 considerada excepcional porque o imunizante ainda n\u00e3o foi submetido \u00e0 autoriza\u00e7\u00e3o de uso emergencial ou registro sanit\u00e1rio no pa\u00eds.<\/p>\n<p style=\"text-align: justify;\">Ainda de acordo com a ag\u00eancia, por se tratar da importa\u00e7\u00e3o de vacina que ainda n\u00e3o foi aprovada no pa\u00eds, a entrada do material no pa\u00eds deve seguir algumas condi\u00e7\u00f5es. O principal deles, diz a ag\u00eancia, que as vacinas importadas fiquem sob a guarda espec\u00edfica da Fiocruz at\u00e9 que a Anvisa autorize o uso do produto no pa\u00eds.<\/p>\n<p style=\"text-align: justify;\"><em>Fonte: Metro1<\/em><\/p>\n","protected":false},"excerpt":{"rendered":"<p>A Ag\u00eancia Nacional de Vigil\u00e2ncia Sanit\u00e1ria (Anvisa) anunciou no \u00faltimo s\u00e1bado (2), que liberou a importa\u00e7\u00e3o excepcional de 2 milh\u00f5es de doses da vacina produzida pela Universidade de Oxford em parceria com o laborat\u00f3rio AstraZeneca contra o coronav\u00edrus pela Funda\u00e7\u00e3o Oswaldo Cruz (Fiocruz). A decis\u00e3o foi assinada na \u00faltima quinta-feira, 31 de dezembro, segundo a &hellip;<\/p>\n","protected":false},"author":2,"featured_media":31664,"comment_status":"open","ping_status":"open","sticky":false,"template":"","format":"standard","meta":{"om_disable_all_campaigns":false,"_monsterinsights_skip_tracking":false,"_monsterinsights_sitenote_active":false,"_monsterinsights_sitenote_note":"","_monsterinsights_sitenote_category":0,"footnotes":""},"categories":[34,70,69,19],"tags":[100,71,2235,48,4061,49,93,75,45,3429,3486,46,129,107,4107,44,132,230,3828,106,203,120,3801,51,109,88,47,61,111,190,3570],"class_list":["post-31662","post","type-post","status-publish","format-standard","has-post-thumbnail","hentry","category-brasil","category-destaques","category-noticias2","category-saude","tag-adustina","tag-antas","tag-anvisa","tag-araci","tag-astrazeneca","tag-banzae","tag-brasil","tag-cicero-dantas","tag-cipo","tag-coronavirus","tag-covid-19","tag-crisopolis","tag-euclides-da-cunha","tag-fatima","tag-fundacao-osvaldo-cruz","tag-heliopolis","tag-itapicuru","tag-jeremoabo","tag-noticias","tag-nova-soure","tag-novo-triunfo","tag-olindina","tag-oxford","tag-paripiranga","tag-quijingue","tag-ribeira-do-amparo","tag-ribeira-do-pombal","tag-saude","tag-sitio-do-quinto","tag-tucano","tag-vacina"],"aioseo_notices":[],"_links":{"self":[{"href":"https:\/\/www.portalalerta.com.br\/index.php\/wp-json\/wp\/v2\/posts\/31662","targetHints":{"allow":["GET"]}}],"collection":[{"href":"https:\/\/www.portalalerta.com.br\/index.php\/wp-json\/wp\/v2\/posts"}],"about":[{"href":"https:\/\/www.portalalerta.com.br\/index.php\/wp-json\/wp\/v2\/types\/post"}],"author":[{"embeddable":true,"href":"https:\/\/www.portalalerta.com.br\/index.php\/wp-json\/wp\/v2\/users\/2"}],"replies":[{"embeddable":true,"href":"https:\/\/www.portalalerta.com.br\/index.php\/wp-json\/wp\/v2\/comments?post=31662"}],"version-history":[{"count":1,"href":"https:\/\/www.portalalerta.com.br\/index.php\/wp-json\/wp\/v2\/posts\/31662\/revisions"}],"predecessor-version":[{"id":31665,"href":"https:\/\/www.portalalerta.com.br\/index.php\/wp-json\/wp\/v2\/posts\/31662\/revisions\/31665"}],"wp:featuredmedia":[{"embeddable":true,"href":"https:\/\/www.portalalerta.com.br\/index.php\/wp-json\/wp\/v2\/media\/31664"}],"wp:attachment":[{"href":"https:\/\/www.portalalerta.com.br\/index.php\/wp-json\/wp\/v2\/media?parent=31662"}],"wp:term":[{"taxonomy":"category","embeddable":true,"href":"https:\/\/www.portalalerta.com.br\/index.php\/wp-json\/wp\/v2\/categories?post=31662"},{"taxonomy":"post_tag","embeddable":true,"href":"https:\/\/www.portalalerta.com.br\/index.php\/wp-json\/wp\/v2\/tags?post=31662"}],"curies":[{"name":"wp","href":"https:\/\/api.w.org\/{rel}","templated":true}]}}