{"id":31854,"date":"2021-01-12T16:30:09","date_gmt":"2021-01-12T19:30:09","guid":{"rendered":"https:\/\/www.portalalerta.com.br\/?p=31854"},"modified":"2021-01-12T16:30:09","modified_gmt":"2021-01-12T19:30:09","slug":"eficacia-geral-da-coronavac-e-de-5038-afirma-instituto-butantan","status":"publish","type":"post","link":"https:\/\/www.portalalerta.com.br\/index.php\/2021\/01\/12\/eficacia-geral-da-coronavac-e-de-5038-afirma-instituto-butantan\/","title":{"rendered":"Efic\u00e1cia geral da CoronaVac \u00e9 de 50,38%, afirma Instituto Butantan"},"content":{"rendered":"<p style=\"text-align: justify;\">A efic\u00e1cia geral da\u00a0CoronaVac\u00a0\u00e9 de 50,38%, informou nesta ter\u00e7a-feira (12) o Instituto Butantan. Isto significa que a vacina foi capaz de prevenir a infec\u00e7\u00e3o pelo coronav\u00edrus neste percentual entre volunt\u00e1rios imunizados durante os ensaios cl\u00ednicos de fase 3 realizados no pa\u00eds.<!--more--><\/p>\n<p style=\"text-align: justify;\">A Anvisa e a OMS (Organiza\u00e7\u00e3o Mundial da Sa\u00fade) entendem que vacinas que apresentem efic\u00e1cia de no m\u00ednimo 50% podem ser utilizadas em programas de imuniza\u00e7\u00e3o nesta pandemia diante da urg\u00eancia em controlar o v\u00edrus e a incid\u00eancia de quadros graves de covid-19.<\/p>\n<p style=\"text-align: justify;\">Esse era um dado cobrado pela comunidade cient\u00edfica desde a semana passada, quando o Butantan divulgou apenas os chamados desfechos secund\u00e1rios, que mostravam uma efic\u00e1cia de 78% a 100% na preven\u00e7\u00e3o de quadros graves e moderados da doen\u00e7a.<\/p>\n<p style=\"text-align: justify;\">A taxa de efic\u00e1cia \u00e9 uma probabilidade, calculada a partir da an\u00e1lise de pessoas que contra\u00edram o coronav\u00edrus no grupo que recebeu a vacina em compara\u00e7\u00e3o com os que tomaram placebo.<\/p>\n<p style=\"text-align: justify;\"><img fetchpriority=\"high\" decoding=\"async\" class=\"size-thumbnail wp-image-9394 alignleft\" src=\"https:\/\/www.portalalerta.com.br\/wp-content\/uploads\/2018\/07\/05elab-320x240.jpg\" alt=\"\" width=\"320\" height=\"240\" srcset=\"https:\/\/www.portalalerta.com.br\/wp-content\/uploads\/2018\/07\/05elab-320x240.jpg 320w, https:\/\/www.portalalerta.com.br\/wp-content\/uploads\/2018\/07\/05elab-195x146.jpg 195w, https:\/\/www.portalalerta.com.br\/wp-content\/uploads\/2018\/07\/05elab-50x38.jpg 50w, https:\/\/www.portalalerta.com.br\/wp-content\/uploads\/2018\/07\/05elab-100x75.jpg 100w, https:\/\/www.portalalerta.com.br\/wp-content\/uploads\/2018\/07\/05elab.jpg 400w\" sizes=\"(max-width: 320px) 100vw, 320px\" \/>O diretor m\u00e9dico de pesquisas cl\u00ednicas do Instituto Butantan, Ricardo Palacios, explicou que o patamar menor do que outras vacinas se deu, em partes, porque os testes no Brasil foram realizados apenas em profissionais da sa\u00fade que lidavam diretamente com casos de covid-19.<\/p>\n<p style=\"text-align: justify;\">&#8220;Isto n\u00e3o \u00e9 a vida real exatamente, n\u00e3o \u00e9 o que acontece na comunidade, o que acontece entre n\u00f3s. \u00c9 um teste artificial no qual selecionamentos aquela popula\u00e7\u00e3o em que a vacina poderia ser testada com a barra mais alta&#8221;, disse em apresenta\u00e7\u00e3o nesta tarde.<\/p>\n<p style=\"text-align: justify;\">Segundo Palacios, a expectativa \u00e9 que a vacina &#8220;ir\u00e1 se comportar infinitamente melhor em n\u00edveis comunit\u00e1rios, ou seja, em popula\u00e7\u00f5es em condi\u00e7\u00f5es normais&#8221;.<\/p>\n<p style=\"text-align: justify;\">Os resultados foram obtidos a partir da an\u00e1lise de dados de 9.252 volunt\u00e1rios. Destes, 4.653 tomaram a vacina e outros 4.599 receberam placebo.<\/p>\n<p style=\"text-align: justify;\">No grupo da vacina, ocorreram 85 casos de covid-19 (11,74%). O grupo placebo registrou 167 pessoas com covid-19 (23,64%).<\/p>\n<h3 style=\"text-align: justify;\">&#8216;N\u00e3o h\u00e1 promessa&#8217;<\/h3>\n<p style=\"text-align: justify;\">Dos que foram vacinados e tiveram covid-19, 78% deles apresentaram quadros leves. N\u00e3o houve casos moderados ou graves. Ou seja, a\u00a0efic\u00e1cia contra covid-19 severa foi de 100%, embora este n\u00famero ainda n\u00e3o tenha signific\u00e2ncia estat\u00edstica, segundo o diretor do Butantan, Dimas Covas.<\/p>\n<p style=\"text-align: justify;\">&#8220;H\u00e1 uma tend\u00eancia da vacina a diminuir a intensidade cl\u00ednica da doen\u00e7a. N\u00e3o h\u00e1 uma promessa de que ningu\u00e9m vai morrer [de covid-19] se [for] vacinado, porque nenhuma vacina pode fazer essa promessa&#8221;, salientou Ricardo Palacios.<\/p>\n<p style=\"text-align: justify;\">O pesquisador acrescentou a import\u00e2ncia de continuar a an\u00e1lise dos dados de volunt\u00e1rios nas pr\u00f3ximas semanas para estabelecer mais solidez em rela\u00e7\u00e3o a esses percentuais de 78% e 100%.<\/p>\n<p style=\"text-align: justify;\">O secret\u00e1rio estadual da Sa\u00fade de S\u00e3o Paulo, Jean Gorinchteyn, ressaltou a import\u00e2ncia da vacina na preven\u00e7\u00e3o de hospitaliza\u00e7\u00f5es por covid-19.<\/p>\n<p style=\"text-align: justify;\">&#8220;Dados que s\u00e3o extremamente importantes no impacto da nossa sa\u00fade p\u00fablica impedindo que as pessoas adoe\u00e7am de forma grave, impedindo que as pessoas internem nas unidades hospitalares e [as] sobrecarreguem \u2014 como n\u00f3s temos visto hoje pessoas desassistidas na maior parte do pa\u00eds por falta de leito. E ao mesmo tempo impedindo que as pessoas deixem de morrer por uma doen\u00e7a como essa.&#8221;<\/p>\n<p style=\"text-align: justify;\">A CoronaVac ser\u00e1 usada, uma vez que seja aprovada pela Anvisa, no plano nacional de imuniza\u00e7\u00e3o contra covid-19, do SUS.<\/p>\n<p style=\"text-align: justify;\">O Minist\u00e9rio da Sa\u00fade j\u00e1 se comprometeu com a compra de 46 milh\u00f5es de doses at\u00e9 abril, al\u00e9m de uma op\u00e7\u00e3o de mais 52 milh\u00f5es posteriormente, caso haja demanda.<\/p>\n<p style=\"text-align: justify;\">O Butantan pediu autoriza\u00e7\u00e3o de uso emergencial da vacina junto \u00e0 Anvisa para o uso das primeiras 6 milh\u00f5es de doses. A conclus\u00e3o dos t\u00e9cnicos deve ocorrer at\u00e9 domingo (17).<\/p>\n<p style=\"text-align: justify;\"><em>Fonte: R7<\/em><\/p>\n","protected":false},"excerpt":{"rendered":"<p>A efic\u00e1cia geral da\u00a0CoronaVac\u00a0\u00e9 de 50,38%, informou nesta ter\u00e7a-feira (12) o Instituto Butantan. Isto significa que a vacina foi capaz de prevenir a infec\u00e7\u00e3o pelo coronav\u00edrus neste percentual entre volunt\u00e1rios imunizados durante os ensaios cl\u00ednicos de fase 3 realizados no pa\u00eds.<\/p>\n","protected":false},"author":2,"featured_media":30138,"comment_status":"open","ping_status":"open","sticky":false,"template":"","format":"standard","meta":{"om_disable_all_campaigns":false,"_monsterinsights_skip_tracking":false,"_monsterinsights_sitenote_active":false,"_monsterinsights_sitenote_note":"","_monsterinsights_sitenote_category":0,"footnotes":""},"categories":[34,70,69,19],"tags":[100,71,48,49,93,75,45,3960,3429,3486,46,129,107,44,3837,132,230,3828,106,203,120,51,109,88,47,61,3992,111,190,3570,371],"class_list":["post-31854","post","type-post","status-publish","format-standard","has-post-thumbnail","hentry","category-brasil","category-destaques","category-noticias2","category-saude","tag-adustina","tag-antas","tag-araci","tag-banzae","tag-brasil","tag-cicero-dantas","tag-cipo","tag-coronavac","tag-coronavirus","tag-covid-19","tag-crisopolis","tag-euclides-da-cunha","tag-fatima","tag-heliopolis","tag-instituto-butantan","tag-itapicuru","tag-jeremoabo","tag-noticias","tag-nova-soure","tag-novo-triunfo","tag-olindina","tag-paripiranga","tag-quijingue","tag-ribeira-do-amparo","tag-ribeira-do-pombal","tag-saude","tag-sinovac","tag-sitio-do-quinto","tag-tucano","tag-vacina","tag-vacinacao"],"aioseo_notices":[],"_links":{"self":[{"href":"https:\/\/www.portalalerta.com.br\/index.php\/wp-json\/wp\/v2\/posts\/31854","targetHints":{"allow":["GET"]}}],"collection":[{"href":"https:\/\/www.portalalerta.com.br\/index.php\/wp-json\/wp\/v2\/posts"}],"about":[{"href":"https:\/\/www.portalalerta.com.br\/index.php\/wp-json\/wp\/v2\/types\/post"}],"author":[{"embeddable":true,"href":"https:\/\/www.portalalerta.com.br\/index.php\/wp-json\/wp\/v2\/users\/2"}],"replies":[{"embeddable":true,"href":"https:\/\/www.portalalerta.com.br\/index.php\/wp-json\/wp\/v2\/comments?post=31854"}],"version-history":[{"count":1,"href":"https:\/\/www.portalalerta.com.br\/index.php\/wp-json\/wp\/v2\/posts\/31854\/revisions"}],"predecessor-version":[{"id":31855,"href":"https:\/\/www.portalalerta.com.br\/index.php\/wp-json\/wp\/v2\/posts\/31854\/revisions\/31855"}],"wp:featuredmedia":[{"embeddable":true,"href":"https:\/\/www.portalalerta.com.br\/index.php\/wp-json\/wp\/v2\/media\/30138"}],"wp:attachment":[{"href":"https:\/\/www.portalalerta.com.br\/index.php\/wp-json\/wp\/v2\/media?parent=31854"}],"wp:term":[{"taxonomy":"category","embeddable":true,"href":"https:\/\/www.portalalerta.com.br\/index.php\/wp-json\/wp\/v2\/categories?post=31854"},{"taxonomy":"post_tag","embeddable":true,"href":"https:\/\/www.portalalerta.com.br\/index.php\/wp-json\/wp\/v2\/tags?post=31854"}],"curies":[{"name":"wp","href":"https:\/\/api.w.org\/{rel}","templated":true}]}}