{"id":31981,"date":"2021-01-15T17:26:04","date_gmt":"2021-01-15T20:26:04","guid":{"rendered":"https:\/\/www.portalalerta.com.br\/?p=31981"},"modified":"2021-01-15T17:26:04","modified_gmt":"2021-01-15T20:26:04","slug":"apos-43-dias-internado-com-covid-19-em-sp-prefeito-luiz-de-deus-retorna-a-paulo-afonso-ba","status":"publish","type":"post","link":"https:\/\/www.portalalerta.com.br\/index.php\/2021\/01\/15\/apos-43-dias-internado-com-covid-19-em-sp-prefeito-luiz-de-deus-retorna-a-paulo-afonso-ba\/","title":{"rendered":"Ap\u00f3s 43 dias internado com covid-19 em SP, prefeito Luiz de Deus retorna a Paulo Afonso-BA"},"content":{"rendered":"<p style=\"text-align: justify;\">Ap\u00f3s o tratamento em S\u00e3o Paulo para a Covid-19, o prefeito Luiz de Deus retornou ao munic\u00edpio nesta quinta-feira (14). O gestor, que esteve internado 43 dias, dever\u00e1 ter cautela no atendimento ao p\u00fablico, de acordo com ordens m\u00e9dicas.<!--more--><\/p>\n<div style=\"text-align: justify;\" data-mvc-banner=\"leaderboard\"><\/div>\n<p style=\"text-align: justify;\"><script type=\"text\/javascript\"> (function(storeName) { var b = document.createElement('script'); b.type = 'text\/javascript'; b.async = true; b.src = 'https:\/\/www.magazinevoce.com.br\/js\/banner.js?store='+ storeName; var s = document.getElementsByTagName('script')[0]; s.parentNode.insertBefore(b, s); })('Nvscosta'); <\/script><\/p>\n<p style=\"text-align: justify;\">\u201cPassei esses dias longes fisicamente, mas estava sempre aqui de cora\u00e7\u00e3o. O meu desejo era voltar logo para essa terra, para dar continuidade ao trabalho de perto. Mesmo trabalhando por videoconfer\u00eancia, n\u00e3o via a hora de estar aqui, respirando os ares da minha Paulo Afonso. Agrade\u00e7o a todos que oraram pela recupera\u00e7\u00e3o da minha sa\u00fade e tamb\u00e9m a minha equipe e ao vice-prefeito Marcondes Francisco, que foi um grande parceiro na condu\u00e7\u00e3o dos trabalhos\u201d, diz o gestor.<\/p>\n<p style=\"text-align: justify;\">De acordo com a chefe de gabinete, Maria da Sa\u00fade, a ordem m\u00e9dica \u00e9 mant\u00ea-lo ainda sem visitas, concluindo a fisioterapia para fortalecer o organismo e assim iniciar a agenda. \u201cNesse primeiro momento a ordem \u00e9 a suspens\u00e3o total de visitas e atendimento ao p\u00fablico. Ap\u00f3s a libera\u00e7\u00e3o m\u00e9dica, ele cumprir\u00e1 a agenda. Portanto, pedimos a compreens\u00e3o de todos\u201d, explica Sa\u00fade.<\/p>\n<p style=\"text-align: justify;\"><em>Fonte: Ozildo Alves<\/em><\/p>\n","protected":false},"excerpt":{"rendered":"<p>Ap\u00f3s o tratamento em S\u00e3o Paulo para a Covid-19, o prefeito Luiz de Deus retornou ao munic\u00edpio nesta quinta-feira (14). O gestor, que esteve internado 43 dias, dever\u00e1 ter cautela no atendimento ao p\u00fablico, de acordo com ordens m\u00e9dicas.<\/p>\n","protected":false},"author":2,"featured_media":31982,"comment_status":"open","ping_status":"open","sticky":false,"template":"","format":"standard","meta":{"om_disable_all_campaigns":false,"_monsterinsights_skip_tracking":false,"_monsterinsights_sitenote_active":false,"_monsterinsights_sitenote_note":"","_monsterinsights_sitenote_category":0,"footnotes":""},"categories":[33,70,69,21,19],"tags":[100,71,48,54,49,75,45,3429,3486,46,129,107,44,132,230,3604,3828,106,203,120,51,118,198,109,88,47,61,111,190],"class_list":["post-31981","post","type-post","status-publish","format-standard","has-post-thumbnail","hentry","category-bahia","category-destaques","category-noticias2","category-politica","category-saude","tag-adustina","tag-antas","tag-araci","tag-bahia","tag-banzae","tag-cicero-dantas","tag-cipo","tag-coronavirus","tag-covid-19","tag-crisopolis","tag-euclides-da-cunha","tag-fatima","tag-heliopolis","tag-itapicuru","tag-jeremoabo","tag-luiz-de-deus","tag-noticias","tag-nova-soure","tag-novo-triunfo","tag-olindina","tag-paripiranga","tag-paulo-afonso","tag-prefeito","tag-quijingue","tag-ribeira-do-amparo","tag-ribeira-do-pombal","tag-saude","tag-sitio-do-quinto","tag-tucano"],"aioseo_notices":[],"_links":{"self":[{"href":"https:\/\/www.portalalerta.com.br\/index.php\/wp-json\/wp\/v2\/posts\/31981","targetHints":{"allow":["GET"]}}],"collection":[{"href":"https:\/\/www.portalalerta.com.br\/index.php\/wp-json\/wp\/v2\/posts"}],"about":[{"href":"https:\/\/www.portalalerta.com.br\/index.php\/wp-json\/wp\/v2\/types\/post"}],"author":[{"embeddable":true,"href":"https:\/\/www.portalalerta.com.br\/index.php\/wp-json\/wp\/v2\/users\/2"}],"replies":[{"embeddable":true,"href":"https:\/\/www.portalalerta.com.br\/index.php\/wp-json\/wp\/v2\/comments?post=31981"}],"version-history":[{"count":1,"href":"https:\/\/www.portalalerta.com.br\/index.php\/wp-json\/wp\/v2\/posts\/31981\/revisions"}],"predecessor-version":[{"id":31983,"href":"https:\/\/www.portalalerta.com.br\/index.php\/wp-json\/wp\/v2\/posts\/31981\/revisions\/31983"}],"wp:featuredmedia":[{"embeddable":true,"href":"https:\/\/www.portalalerta.com.br\/index.php\/wp-json\/wp\/v2\/media\/31982"}],"wp:attachment":[{"href":"https:\/\/www.portalalerta.com.br\/index.php\/wp-json\/wp\/v2\/media?parent=31981"}],"wp:term":[{"taxonomy":"category","embeddable":true,"href":"https:\/\/www.portalalerta.com.br\/index.php\/wp-json\/wp\/v2\/categories?post=31981"},{"taxonomy":"post_tag","embeddable":true,"href":"https:\/\/www.portalalerta.com.br\/index.php\/wp-json\/wp\/v2\/tags?post=31981"}],"curies":[{"name":"wp","href":"https:\/\/api.w.org\/{rel}","templated":true}]}}