{"id":32045,"date":"2021-01-18T08:41:35","date_gmt":"2021-01-18T11:41:35","guid":{"rendered":"https:\/\/www.portalalerta.com.br\/?p=32045"},"modified":"2021-01-18T08:41:35","modified_gmt":"2021-01-18T11:41:35","slug":"bahia-registra-32-obitos-e-3-041-novos-casos-de-covid-19-nas-ultimas-24h","status":"publish","type":"post","link":"https:\/\/www.portalalerta.com.br\/index.php\/2021\/01\/18\/bahia-registra-32-obitos-e-3-041-novos-casos-de-covid-19-nas-ultimas-24h\/","title":{"rendered":"Bahia registra 32 \u00f3bitos e 3.041 novos casos de Covid-19 nas \u00faltimas 24h"},"content":{"rendered":"<p style=\"text-align: justify;\">A Bahia registrou, nas \u00faltimas 24 horas, 3.041 novos casos de Covid-19 e mais 32 \u00f3bitos pela doen\u00e7a, segundo dados divulgados neste domingo (17) pela Secretaria de Sa\u00fade do Estado (Sesab).<!--more--><\/p>\n<p style=\"text-align: justify;\">O n\u00famero total de \u00f3bitos por Covid-19 na Bahia desde o in\u00edcio da pandemia \u00e9 de 9.638. Dos 537.772 casos confirmados desde o in\u00edcio da pandemia, 516.078 j\u00e1 s\u00e3o considerados recuperados e 12.056 encontram-se ativos.<\/p>\n<p style=\"text-align: justify;\"><img fetchpriority=\"high\" decoding=\"async\" class=\"size-thumbnail wp-image-4869 aligncenter\" src=\"https:\/\/www.portalalerta.com.br\/wp-content\/uploads\/2018\/02\/Auto-Escola-Nobre-720x181.jpg\" alt=\"\" width=\"720\" height=\"181\" srcset=\"https:\/\/www.portalalerta.com.br\/wp-content\/uploads\/2018\/02\/Auto-Escola-Nobre.jpg 720w, https:\/\/www.portalalerta.com.br\/wp-content\/uploads\/2018\/02\/Auto-Escola-Nobre-260x65.jpg 260w, https:\/\/www.portalalerta.com.br\/wp-content\/uploads\/2018\/02\/Auto-Escola-Nobre-50x13.jpg 50w, https:\/\/www.portalalerta.com.br\/wp-content\/uploads\/2018\/02\/Auto-Escola-Nobre-150x38.jpg 150w\" sizes=\"(max-width: 720px) 100vw, 720px\" \/>Entre os diagnosticados com a doen\u00e7a na Bahia, 38.607 profissionais da sa\u00fade foram confirmados com a Covid-19.<\/p>\n<p style=\"text-align: justify;\">Dos 2.031 leitos dispon\u00edveis para tratamento do coronav\u00edrus, 1.252 possuem pacientes internados. A taxa de ocupa\u00e7\u00e3o de leitos de UTI Covid para adultos no estado \u00e9 de 73%.<\/p>\n<p style=\"text-align: justify;\"><em>Fonte: Metro1<\/em><\/p>\n","protected":false},"excerpt":{"rendered":"<p>A Bahia registrou, nas \u00faltimas 24 horas, 3.041 novos casos de Covid-19 e mais 32 \u00f3bitos pela doen\u00e7a, segundo dados divulgados neste domingo (17) pela Secretaria de Sa\u00fade do Estado (Sesab).<\/p>\n","protected":false},"author":2,"featured_media":22081,"comment_status":"open","ping_status":"open","sticky":false,"template":"","format":"standard","meta":{"om_disable_all_campaigns":false,"_monsterinsights_skip_tracking":false,"_monsterinsights_sitenote_active":false,"_monsterinsights_sitenote_note":"","_monsterinsights_sitenote_category":0,"footnotes":""},"categories":[33,70,69,19],"tags":[100,71,48,54,49,75,45,3429,3486,46,3841,129,107,44,3724,132,230,439,3828,106,203,120,51,109,88,47,61,111,190],"class_list":["post-32045","post","type-post","status-publish","format-standard","has-post-thumbnail","hentry","category-bahia","category-destaques","category-noticias2","category-saude","tag-adustina","tag-antas","tag-araci","tag-bahia","tag-banzae","tag-cicero-dantas","tag-cipo","tag-coronavirus","tag-covid-19","tag-crisopolis","tag-curados","tag-euclides-da-cunha","tag-fatima","tag-heliopolis","tag-infeccao","tag-itapicuru","tag-jeremoabo","tag-mortes","tag-noticias","tag-nova-soure","tag-novo-triunfo","tag-olindina","tag-paripiranga","tag-quijingue","tag-ribeira-do-amparo","tag-ribeira-do-pombal","tag-saude","tag-sitio-do-quinto","tag-tucano"],"aioseo_notices":[],"_links":{"self":[{"href":"https:\/\/www.portalalerta.com.br\/index.php\/wp-json\/wp\/v2\/posts\/32045","targetHints":{"allow":["GET"]}}],"collection":[{"href":"https:\/\/www.portalalerta.com.br\/index.php\/wp-json\/wp\/v2\/posts"}],"about":[{"href":"https:\/\/www.portalalerta.com.br\/index.php\/wp-json\/wp\/v2\/types\/post"}],"author":[{"embeddable":true,"href":"https:\/\/www.portalalerta.com.br\/index.php\/wp-json\/wp\/v2\/users\/2"}],"replies":[{"embeddable":true,"href":"https:\/\/www.portalalerta.com.br\/index.php\/wp-json\/wp\/v2\/comments?post=32045"}],"version-history":[{"count":1,"href":"https:\/\/www.portalalerta.com.br\/index.php\/wp-json\/wp\/v2\/posts\/32045\/revisions"}],"predecessor-version":[{"id":32046,"href":"https:\/\/www.portalalerta.com.br\/index.php\/wp-json\/wp\/v2\/posts\/32045\/revisions\/32046"}],"wp:featuredmedia":[{"embeddable":true,"href":"https:\/\/www.portalalerta.com.br\/index.php\/wp-json\/wp\/v2\/media\/22081"}],"wp:attachment":[{"href":"https:\/\/www.portalalerta.com.br\/index.php\/wp-json\/wp\/v2\/media?parent=32045"}],"wp:term":[{"taxonomy":"category","embeddable":true,"href":"https:\/\/www.portalalerta.com.br\/index.php\/wp-json\/wp\/v2\/categories?post=32045"},{"taxonomy":"post_tag","embeddable":true,"href":"https:\/\/www.portalalerta.com.br\/index.php\/wp-json\/wp\/v2\/tags?post=32045"}],"curies":[{"name":"wp","href":"https:\/\/api.w.org\/{rel}","templated":true}]}}