{"id":32047,"date":"2021-01-18T08:45:15","date_gmt":"2021-01-18T11:45:15","guid":{"rendered":"https:\/\/www.portalalerta.com.br\/?p=32047"},"modified":"2021-01-18T08:45:15","modified_gmt":"2021-01-18T11:45:15","slug":"indigena-e-de-euclides-da-cunha-ba-conheca-a-primeira-baiana-a-ser-imunizada-contra-a-covid-19","status":"publish","type":"post","link":"https:\/\/www.portalalerta.com.br\/index.php\/2021\/01\/18\/indigena-e-de-euclides-da-cunha-ba-conheca-a-primeira-baiana-a-ser-imunizada-contra-a-covid-19\/","title":{"rendered":"Ind\u00edgena e de Euclides da Cunha-BA: conhe\u00e7a a primeira baiana a ser imunizada contra a Covid-19"},"content":{"rendered":"<p style=\"text-align: justify;\">Primeira ind\u00edgena e a segunda<strong>\u00a0<\/strong>brasileira a ser vacinada contra a Covid-19 no Brasil,\u00a0\u00e9 da cidade de Euclides da Cunha-BA. Vanuzia Costa Santos, 50, da aldeia Massacar\u00e1, \u00e9 t\u00e9cnica de enfermagem e assistente social. Ela \u00e9 moradora da aldeia multi\u00e9tnica Filhos Dessa Terra, que fica na cidade de Guarulhos, Regi\u00e3o Metropolitana de S\u00e3o Paulo.<!--more--><\/p>\n<p style=\"text-align: justify;\">Vanuzia deixou a Bahia em 1988 para trabalhar e se aprimorar na carreira profissional. Ap\u00f3s ser imunizada, ela declarou ser uma defensora da ci\u00eancia e lembrou o drama vivido em maio do ano passado ap\u00f3s contrair a doen\u00e7a.<\/p>\n<p style=\"text-align: justify;\"><img fetchpriority=\"high\" decoding=\"async\" class=\"size-thumbnail wp-image-31690 aligncenter\" src=\"https:\/\/www.portalalerta.com.br\/wp-content\/uploads\/2021\/01\/Moda-Ver\u00e3o-Real-Cal\u00e7ados-2021-720x92.jpeg\" alt=\"\" width=\"720\" height=\"92\" \/>\u201cFiquei muito feliz de participar deste momento. Sou defensora da vida, de outras vacinas, da preven\u00e7\u00e3o e da sa\u00fade. Devemos valorizar a educa\u00e7\u00e3o, a ci\u00eancia, e isso pode ser conciliado mantendo uma cren\u00e7a, com as rezas e a medicina tradicional do meu povo\u201d.<\/p>\n<p style=\"text-align: justify;\">\u201cN\u00e3o fui para o hospital porque ajudava a cuidar de outras seis pessoas, precisava ter for\u00e7a para dar uma palavra de conforto e cuidar deles sem me abater. Tinha um ox\u00edmetro [equipamento que mede a satura\u00e7\u00e3o de oxig\u00eanio na corrente sangu\u00ednea], mas n\u00e3o media minha respira\u00e7\u00e3o para n\u00e3o me apavorar. Fiz o teste em 15 de junho e j\u00e1 estava curada.\u201d, completou em entrevista \u00e0 assessoria de comunica\u00e7\u00e3o do Governo do Estado de S\u00e3o Paulo.<\/p>\n<p style=\"text-align: justify;\">A ind\u00edgena concluiu a gradua\u00e7\u00e3o em Assist\u00eancia Social com bolsa integral pela PUC-SP no ano passado, com aulas \u00e0 dist\u00e2ncia. \u201cO sinal era horr\u00edvel na aldeia, corria com guarda-chuva para baixo de uma \u00e1rvore. Fiz meu TCC inteiro pelo celular\u201d, contou. Agora, ela pretende fazer resid\u00eancia em Sa\u00fade Mental para continuar a contribuir com seu povo e manter viva a heran\u00e7a dos ancestrais.<\/p>\n<p style=\"text-align: justify;\"><em>Fonte: Boc\u00e3o News<\/em><\/p>\n","protected":false},"excerpt":{"rendered":"<p>Primeira ind\u00edgena e a segunda\u00a0brasileira a ser vacinada contra a Covid-19 no Brasil,\u00a0\u00e9 da cidade de Euclides da Cunha-BA. Vanuzia Costa Santos, 50, da aldeia Massacar\u00e1, \u00e9 t\u00e9cnica de enfermagem e assistente social. Ela \u00e9 moradora da aldeia multi\u00e9tnica Filhos Dessa Terra, que fica na cidade de Guarulhos, Regi\u00e3o Metropolitana de S\u00e3o Paulo.<\/p>\n","protected":false},"author":2,"featured_media":32048,"comment_status":"open","ping_status":"open","sticky":false,"template":"","format":"standard","meta":{"om_disable_all_campaigns":false,"_monsterinsights_skip_tracking":false,"_monsterinsights_sitenote_active":false,"_monsterinsights_sitenote_note":"","_monsterinsights_sitenote_category":0,"footnotes":""},"categories":[34,70,17,69,32,19],"tags":[100,4161,71,48,49,93,75,45,3429,3486,46,129,107,44,2579,132,230,3828,106,203,120,51,109,88,47,404,111,190,3570,371],"class_list":["post-32047","post","type-post","status-publish","format-standard","has-post-thumbnail","hentry","category-brasil","category-destaques","category-euclides-da-cunha","category-noticias2","category-regiao","category-saude","tag-adustina","tag-aldeia-massacara","tag-antas","tag-araci","tag-banzae","tag-brasil","tag-cicero-dantas","tag-cipo","tag-coronavirus","tag-covid-19","tag-crisopolis","tag-euclides-da-cunha","tag-fatima","tag-heliopolis","tag-indigena","tag-itapicuru","tag-jeremoabo","tag-noticias","tag-nova-soure","tag-novo-triunfo","tag-olindina","tag-paripiranga","tag-quijingue","tag-ribeira-do-amparo","tag-ribeira-do-pombal","tag-sao-paulo","tag-sitio-do-quinto","tag-tucano","tag-vacina","tag-vacinacao"],"aioseo_notices":[],"_links":{"self":[{"href":"https:\/\/www.portalalerta.com.br\/index.php\/wp-json\/wp\/v2\/posts\/32047","targetHints":{"allow":["GET"]}}],"collection":[{"href":"https:\/\/www.portalalerta.com.br\/index.php\/wp-json\/wp\/v2\/posts"}],"about":[{"href":"https:\/\/www.portalalerta.com.br\/index.php\/wp-json\/wp\/v2\/types\/post"}],"author":[{"embeddable":true,"href":"https:\/\/www.portalalerta.com.br\/index.php\/wp-json\/wp\/v2\/users\/2"}],"replies":[{"embeddable":true,"href":"https:\/\/www.portalalerta.com.br\/index.php\/wp-json\/wp\/v2\/comments?post=32047"}],"version-history":[{"count":1,"href":"https:\/\/www.portalalerta.com.br\/index.php\/wp-json\/wp\/v2\/posts\/32047\/revisions"}],"predecessor-version":[{"id":32049,"href":"https:\/\/www.portalalerta.com.br\/index.php\/wp-json\/wp\/v2\/posts\/32047\/revisions\/32049"}],"wp:featuredmedia":[{"embeddable":true,"href":"https:\/\/www.portalalerta.com.br\/index.php\/wp-json\/wp\/v2\/media\/32048"}],"wp:attachment":[{"href":"https:\/\/www.portalalerta.com.br\/index.php\/wp-json\/wp\/v2\/media?parent=32047"}],"wp:term":[{"taxonomy":"category","embeddable":true,"href":"https:\/\/www.portalalerta.com.br\/index.php\/wp-json\/wp\/v2\/categories?post=32047"},{"taxonomy":"post_tag","embeddable":true,"href":"https:\/\/www.portalalerta.com.br\/index.php\/wp-json\/wp\/v2\/tags?post=32047"}],"curies":[{"name":"wp","href":"https:\/\/api.w.org\/{rel}","templated":true}]}}