{"id":32139,"date":"2021-01-20T23:23:42","date_gmt":"2021-01-21T02:23:42","guid":{"rendered":"https:\/\/www.portalalerta.com.br\/?p=32139"},"modified":"2021-01-20T23:23:42","modified_gmt":"2021-01-21T02:23:42","slug":"nova-soure-ba-iniciou-a-vacinacao-contra-a-covid-19-nesta-quarta-feira-20","status":"publish","type":"post","link":"https:\/\/www.portalalerta.com.br\/index.php\/2021\/01\/20\/nova-soure-ba-iniciou-a-vacinacao-contra-a-covid-19-nesta-quarta-feira-20\/","title":{"rendered":"Nova Soure-BA iniciou a vacina\u00e7\u00e3o contra a Covid-19, nesta quarta-feira, 20"},"content":{"rendered":"<p style=\"text-align: justify;\">Por volta das 11:30hs desta quarta-feira (20), o munic\u00edpio de Nova Soure-BA iniciou a vacina\u00e7\u00e3o contra a Covid-19 (Coronav\u00edrus).<!--more--><\/p>\n<p style=\"text-align: justify;\">O evento aconteceu na Unidade de Sa\u00fade da Fam\u00edlia Marcos Ant\u00f4nio de Souza Andrade, e teve a T\u00e9cnica de Enfermagem Maria Cec\u00edlia, como a primeira Novasourense imunizada para a doen\u00e7a. Al\u00e9m da T\u00e9cnica de Enfermagem que est\u00e1 na linha de frente no combate ao Coronav\u00edrus, estiveram presentes, o Secret\u00e1rio de Sa\u00fade Ernesto, e o prefeito Cassinho, que falou da import\u00e2ncia da vacina\u00e7\u00e3o, e que est\u00e1 sendo respeitado o Plano de Vacina\u00e7\u00e3o previsto no Protocolo do Minist\u00e9rio da Sa\u00fade, onde est\u00e3o sendo priorizados profissionais da sa\u00fade que est\u00e3o na linha de frente no combate \u00e1 Covid-19. Cassinho tamb\u00e9m lembrou que mesmo ap\u00f3s a vacina\u00e7\u00e3o, os imunizados devem permanecer adotando medidas de seguran\u00e7a para evitar a transmiss\u00e3o, tendo em vista que a vacina tem um prazo para imunizar.<\/p>\n<p style=\"text-align: justify;\"><img fetchpriority=\"high\" decoding=\"async\" class=\"size-thumbnail wp-image-31690 aligncenter\" src=\"https:\/\/www.portalalerta.com.br\/wp-content\/uploads\/2021\/01\/Moda-Ver\u00e3o-Real-Cal\u00e7ados-2021-720x92.jpeg\" alt=\"\" width=\"720\" height=\"92\" \/>J\u00e1 Maria Cec\u00edlia, afirmou que acredita na efic\u00e1cia da vacina Coronavac, que fez quest\u00e3o de tomar a primeira dose, e que faz quest\u00e3o de tomar a segunda dose, num intervalo de 28 dias. Al\u00e9m dela, mais 139 pessoas ser\u00e3o imunizadas em Nova Soure nesta primeira etapa da primeira fase.<\/p>\n<p style=\"text-align: justify;\">O munic\u00edpio tamb\u00e9m divulgou o Plano de Vacina\u00e7\u00e3o. <strong>Confira:<\/strong><\/p>\n<p style=\"text-align: justify;\"><img decoding=\"async\" class=\"aligncenter wp-image-32140 size-full\" src=\"https:\/\/www.portalalerta.com.br\/wp-content\/uploads\/2021\/01\/Plano-Municipal-de-Vacina\u00e7\u00e3o-em-Nova-Soure-2021.jpg\" alt=\"\" width=\"720\" height=\"870\" srcset=\"https:\/\/www.portalalerta.com.br\/wp-content\/uploads\/2021\/01\/Plano-Municipal-de-Vacina\u00e7\u00e3o-em-Nova-Soure-2021.jpg 720w, https:\/\/www.portalalerta.com.br\/wp-content\/uploads\/2021\/01\/Plano-Municipal-de-Vacina\u00e7\u00e3o-em-Nova-Soure-2021-199x240.jpg 199w, https:\/\/www.portalalerta.com.br\/wp-content\/uploads\/2021\/01\/Plano-Municipal-de-Vacina\u00e7\u00e3o-em-Nova-Soure-2021-121x146.jpg 121w, https:\/\/www.portalalerta.com.br\/wp-content\/uploads\/2021\/01\/Plano-Municipal-de-Vacina\u00e7\u00e3o-em-Nova-Soure-2021-41x50.jpg 41w, https:\/\/www.portalalerta.com.br\/wp-content\/uploads\/2021\/01\/Plano-Municipal-de-Vacina\u00e7\u00e3o-em-Nova-Soure-2021-62x75.jpg 62w\" sizes=\"(max-width: 720px) 100vw, 720px\" \/><em>Reda\u00e7\u00e3o: Portal Alerta<\/em><\/p>\n<p style=\"text-align: justify;\"><strong><em>#fiqueemcasa<\/em><\/strong><\/p>\n<p style=\"text-align: justify;\"><strong><em>#usemascaras \u00a0<\/em><\/strong><\/p>\n","protected":false},"excerpt":{"rendered":"<p>Por volta das 11:30hs desta quarta-feira (20), o munic\u00edpio de Nova Soure-BA iniciou a vacina\u00e7\u00e3o contra a Covid-19 (Coronav\u00edrus).<\/p>\n","protected":false},"author":2,"featured_media":32141,"comment_status":"open","ping_status":"open","sticky":false,"template":"","format":"standard","meta":{"om_disable_all_campaigns":false,"_monsterinsights_skip_tracking":false,"_monsterinsights_sitenote_active":false,"_monsterinsights_sitenote_note":"","_monsterinsights_sitenote_category":0,"footnotes":""},"categories":[70,69,14,32,19],"tags":[100,71,48,49,716,75,45,3960,3429,3486,46,129,107,44,132,230,3828,106,203,120,51,109,88,47,61,111,190,3570,371],"class_list":["post-32139","post","type-post","status-publish","format-standard","has-post-thumbnail","hentry","category-destaques","category-noticias2","category-nova-soure","category-regiao","category-saude","tag-adustina","tag-antas","tag-araci","tag-banzae","tag-cassinho","tag-cicero-dantas","tag-cipo","tag-coronavac","tag-coronavirus","tag-covid-19","tag-crisopolis","tag-euclides-da-cunha","tag-fatima","tag-heliopolis","tag-itapicuru","tag-jeremoabo","tag-noticias","tag-nova-soure","tag-novo-triunfo","tag-olindina","tag-paripiranga","tag-quijingue","tag-ribeira-do-amparo","tag-ribeira-do-pombal","tag-saude","tag-sitio-do-quinto","tag-tucano","tag-vacina","tag-vacinacao"],"aioseo_notices":[],"_links":{"self":[{"href":"https:\/\/www.portalalerta.com.br\/index.php\/wp-json\/wp\/v2\/posts\/32139","targetHints":{"allow":["GET"]}}],"collection":[{"href":"https:\/\/www.portalalerta.com.br\/index.php\/wp-json\/wp\/v2\/posts"}],"about":[{"href":"https:\/\/www.portalalerta.com.br\/index.php\/wp-json\/wp\/v2\/types\/post"}],"author":[{"embeddable":true,"href":"https:\/\/www.portalalerta.com.br\/index.php\/wp-json\/wp\/v2\/users\/2"}],"replies":[{"embeddable":true,"href":"https:\/\/www.portalalerta.com.br\/index.php\/wp-json\/wp\/v2\/comments?post=32139"}],"version-history":[{"count":1,"href":"https:\/\/www.portalalerta.com.br\/index.php\/wp-json\/wp\/v2\/posts\/32139\/revisions"}],"predecessor-version":[{"id":32142,"href":"https:\/\/www.portalalerta.com.br\/index.php\/wp-json\/wp\/v2\/posts\/32139\/revisions\/32142"}],"wp:featuredmedia":[{"embeddable":true,"href":"https:\/\/www.portalalerta.com.br\/index.php\/wp-json\/wp\/v2\/media\/32141"}],"wp:attachment":[{"href":"https:\/\/www.portalalerta.com.br\/index.php\/wp-json\/wp\/v2\/media?parent=32139"}],"wp:term":[{"taxonomy":"category","embeddable":true,"href":"https:\/\/www.portalalerta.com.br\/index.php\/wp-json\/wp\/v2\/categories?post=32139"},{"taxonomy":"post_tag","embeddable":true,"href":"https:\/\/www.portalalerta.com.br\/index.php\/wp-json\/wp\/v2\/tags?post=32139"}],"curies":[{"name":"wp","href":"https:\/\/api.w.org\/{rel}","templated":true}]}}