{"id":32175,"date":"2021-01-22T09:37:31","date_gmt":"2021-01-22T12:37:31","guid":{"rendered":"https:\/\/www.portalalerta.com.br\/?p=32175"},"modified":"2021-01-22T09:37:31","modified_gmt":"2021-01-22T12:37:31","slug":"prefeito-de-antas-ba-fura-fila-e-toma-vacina-contra-covid-19","status":"publish","type":"post","link":"https:\/\/www.portalalerta.com.br\/index.php\/2021\/01\/22\/prefeito-de-antas-ba-fura-fila-e-toma-vacina-contra-covid-19\/","title":{"rendered":"Prefeito de Antas (BA), fura fila e toma vacina contra covid-19"},"content":{"rendered":"<p style=\"text-align: justify;\">Manoel Sid\u00f4nio Felix Nilo, conhecido como Dr. Sid\u00f4nio Nilo (PSB), prefeito do munic\u00edpio de Antas na Bahia, foi o primeiro a tomar a vacina da covid-19 em sua cidade na ter\u00e7a-feira, mesmo sem estar no grupo priorit\u00e1rio para receber a dose da coronavac.<!--more--><\/p>\n<p style=\"text-align: justify;\">O prefeito \u00e9 m\u00e9dico obstetra e tem 72 anos, mas n\u00e3o atua na linha de frente no combate \u00e0 pandemia o que o habilitaria a receber a vacina neste momento.<\/p>\n<p style=\"text-align: justify;\"><img fetchpriority=\"high\" decoding=\"async\" class=\"size-thumbnail wp-image-31690 aligncenter\" src=\"https:\/\/www.portalalerta.com.br\/wp-content\/uploads\/2021\/01\/Moda-Ver\u00e3o-Real-Cal\u00e7ados-2021-720x92.jpeg\" alt=\"\" width=\"720\" height=\"92\" \/>O momento que o prefeito recebe a primeira dose da vacina foi transmitido em v\u00eddeo pelas redes sociais do gestor, na qual ele aparece comemorando ap\u00f3s receber a coronavac. Em seguida.<\/p>\n<p style=\"text-align: justify;\">Segundo a Secretaria Estadual de Sa\u00fade da Bahia, o munic\u00edpio de Antas recebeu 97 doses da vacina, destinadas os trabalhadores de sa\u00fade e para pessoas idosas com mais de 75 anos.<\/p>\n<p style=\"text-align: justify;\">A nota t\u00e9cnica da secretaria orienta os gestores municipais a priorizarem trabalhadores dos servi\u00e7os da linha de frente contra a covid-19, hospitais, UPAs, Samu, equipe de vacina\u00e7\u00e3o que estiverem inicialmente envolvidas na vacina\u00e7\u00e3o dos grupos elencados e os trabalhadores das institui\u00e7\u00f5es de longa perman\u00eancia.<\/p>\n<p style=\"text-align: justify;\"><em>Fonte: Rodrygo Ferraz<\/em><\/p>\n","protected":false},"excerpt":{"rendered":"<p>Manoel Sid\u00f4nio Felix Nilo, conhecido como Dr. Sid\u00f4nio Nilo (PSB), prefeito do munic\u00edpio de Antas na Bahia, foi o primeiro a tomar a vacina da covid-19 em sua cidade na ter\u00e7a-feira, mesmo sem estar no grupo priorit\u00e1rio para receber a dose da coronavac.<\/p>\n","protected":false},"author":2,"featured_media":32176,"comment_status":"open","ping_status":"open","sticky":false,"template":"","format":"standard","meta":{"om_disable_all_campaigns":false,"_monsterinsights_skip_tracking":false,"_monsterinsights_sitenote_active":false,"_monsterinsights_sitenote_note":"","_monsterinsights_sitenote_category":0,"footnotes":""},"categories":[5,70,69,21,32,19],"tags":[100,71,48,49,75,45,3429,3486,46,129,107,44,132,230,3828,106,203,120,51,198,109,88,47,111,190,3570,371],"class_list":["post-32175","post","type-post","status-publish","format-standard","has-post-thumbnail","hentry","category-antas","category-destaques","category-noticias2","category-politica","category-regiao","category-saude","tag-adustina","tag-antas","tag-araci","tag-banzae","tag-cicero-dantas","tag-cipo","tag-coronavirus","tag-covid-19","tag-crisopolis","tag-euclides-da-cunha","tag-fatima","tag-heliopolis","tag-itapicuru","tag-jeremoabo","tag-noticias","tag-nova-soure","tag-novo-triunfo","tag-olindina","tag-paripiranga","tag-prefeito","tag-quijingue","tag-ribeira-do-amparo","tag-ribeira-do-pombal","tag-sitio-do-quinto","tag-tucano","tag-vacina","tag-vacinacao"],"aioseo_notices":[],"_links":{"self":[{"href":"https:\/\/www.portalalerta.com.br\/index.php\/wp-json\/wp\/v2\/posts\/32175","targetHints":{"allow":["GET"]}}],"collection":[{"href":"https:\/\/www.portalalerta.com.br\/index.php\/wp-json\/wp\/v2\/posts"}],"about":[{"href":"https:\/\/www.portalalerta.com.br\/index.php\/wp-json\/wp\/v2\/types\/post"}],"author":[{"embeddable":true,"href":"https:\/\/www.portalalerta.com.br\/index.php\/wp-json\/wp\/v2\/users\/2"}],"replies":[{"embeddable":true,"href":"https:\/\/www.portalalerta.com.br\/index.php\/wp-json\/wp\/v2\/comments?post=32175"}],"version-history":[{"count":1,"href":"https:\/\/www.portalalerta.com.br\/index.php\/wp-json\/wp\/v2\/posts\/32175\/revisions"}],"predecessor-version":[{"id":32177,"href":"https:\/\/www.portalalerta.com.br\/index.php\/wp-json\/wp\/v2\/posts\/32175\/revisions\/32177"}],"wp:featuredmedia":[{"embeddable":true,"href":"https:\/\/www.portalalerta.com.br\/index.php\/wp-json\/wp\/v2\/media\/32176"}],"wp:attachment":[{"href":"https:\/\/www.portalalerta.com.br\/index.php\/wp-json\/wp\/v2\/media?parent=32175"}],"wp:term":[{"taxonomy":"category","embeddable":true,"href":"https:\/\/www.portalalerta.com.br\/index.php\/wp-json\/wp\/v2\/categories?post=32175"},{"taxonomy":"post_tag","embeddable":true,"href":"https:\/\/www.portalalerta.com.br\/index.php\/wp-json\/wp\/v2\/tags?post=32175"}],"curies":[{"name":"wp","href":"https:\/\/api.w.org\/{rel}","templated":true}]}}