{"id":32214,"date":"2021-01-23T09:45:14","date_gmt":"2021-01-23T12:45:14","guid":{"rendered":"https:\/\/www.portalalerta.com.br\/?p=32214"},"modified":"2021-01-23T09:45:14","modified_gmt":"2021-01-23T12:45:14","slug":"com-feminicidios-numero-de-assassinatos-registrados-em-2020-aumentou-em-200-em-comparacao-ao-ano-anterior","status":"publish","type":"post","link":"https:\/\/www.portalalerta.com.br\/index.php\/2021\/01\/23\/com-feminicidios-numero-de-assassinatos-registrados-em-2020-aumentou-em-200-em-comparacao-ao-ano-anterior\/","title":{"rendered":"Com feminic\u00eddios, n\u00famero de assassinatos registrados em 2020 aumentou em 200% em compara\u00e7\u00e3o ao ano anterior"},"content":{"rendered":"<p style=\"text-align: justify;\">Em 2020, Adustina-BA registrou tr\u00eas homic\u00eddios. Dois deles foram crimes cometidos contra a mulher, e o outro foi cometido contra um jovem, no Povoado Bela Vista, na noite do natal. \u00a0<!--more--><\/p>\n<p style=\"text-align: justify;\">Atualmente Adustina \u00e9 habitada por 17.126 pessoas, de acordo com o \u00faltimo levantamento do IBGE. Desta forma, analisando em propor\u00e7\u00e3o, ficou com uma m\u00e9dia de 17 homic\u00eddios para cada 100.000 habitantes, o que representa um aumento de 200% com rela\u00e7\u00e3o ao ano anterior.<\/p>\n<p style=\"text-align: justify;\">Por fim, se concluiu que o m\u00eas mais violento do ano foi agosto, per\u00edodo em que aconteceu o referido crime, cuja causa e motiva\u00e7\u00e3o ficaram sob a investiga\u00e7\u00e3o da Pol\u00edcia Civil.<\/p>\n<p style=\"text-align: justify;\">Vale ressaltar que estes dados s\u00e3o baseados em mat\u00e9rias jornal\u00edsticas do site PORTAL ALERTA, n\u00e3o incluindo mortes por interven\u00e7\u00f5es policiais, o que pode ser contestadas pelas autoridades policiais.<\/p>\n<h2 style=\"text-align: justify;\">Confira:<\/h2>\n<p style=\"text-align: justify;\"><a href=\"https:\/\/www.portalalerta.com.br\/index.php\/2020\/01\/02\/adustina-ba-registra-o-primeiro-feminicidio-do-ano-autor-foi-preso\/\"><strong>1 \u2013 Josefa dos Santos, 46 anos, em 1\u00ba\/01\/2020\u00a0<\/strong><\/a><\/p>\n<p style=\"text-align: justify;\"><strong>Local:<\/strong> Rua Francisco Vieira Andrade<\/p>\n<p style=\"text-align: justify;\"><strong>Meio Utilizado:<\/strong> Pedrada<\/p>\n<p style=\"text-align: justify;\"><strong>Poss\u00edvel Motiva\u00e7\u00e3o:<\/strong> Passional<\/p>\n<p style=\"text-align: justify;\"><a href=\"https:\/\/www.portalalerta.com.br\/index.php\/2020\/07\/27\/mulher-e-vitima-de-feminicidio-em-adustina-ba-autor-foi-preso-em-sitio-do-quinto-ba\/\"><strong>2 \u2013 Valdina Maria de Jesus Bastos, 47 anos,, em 26\/07\/2020\u00a0<\/strong><\/a><\/p>\n<p style=\"text-align: justify;\"><strong>Local:<\/strong> Rua Maria Paula de Jesus Santos<\/p>\n<p style=\"text-align: justify;\"><strong>Meio Utilizado:<\/strong> Facada<\/p>\n<p style=\"text-align: justify;\"><strong>Poss\u00edvel Motiva\u00e7\u00e3o:<\/strong> Passional<\/p>\n<p style=\"text-align: justify;\"><a href=\"https:\/\/www.portalalerta.com.br\/index.php\/2020\/12\/28\/natal-sangrento-termina-com-um-morto-e-outro-ferido-em-adustina-ba\/\"><strong>3 \u2013 N\u00e3o identificado, em 25\/12\/2020\u00a0\u00a0\u00a0<\/strong><\/a><\/p>\n<p style=\"text-align: justify;\"><strong>Local:<\/strong> Povoado Bela Vista<\/p>\n<p style=\"text-align: justify;\"><strong>Meio Utilizado:<\/strong> Arma de fogo<\/p>\n<p style=\"text-align: justify;\"><strong>Poss\u00edvel Motiva\u00e7\u00e3o:<\/strong> N\u00e3o informado<\/p>\n<p>&nbsp;<\/p>\n<p style=\"text-align: justify;\"><strong>Confira o gr\u00e1fico com o comparativo mensal, entre os anos 2019 e 2020:<\/strong><\/p>\n<p style=\"text-align: justify;\"><em><img fetchpriority=\"high\" decoding=\"async\" class=\"aligncenter wp-image-32215 size-full\" src=\"https:\/\/www.portalalerta.com.br\/wp-content\/uploads\/2021\/01\/Comparativo-Mensal-de-Homic\u00eddios-em-Adustina-2019-e-2020.jpg\" alt=\"\" width=\"550\" height=\"330\" srcset=\"https:\/\/www.portalalerta.com.br\/wp-content\/uploads\/2021\/01\/Comparativo-Mensal-de-Homic\u00eddios-em-Adustina-2019-e-2020.jpg 550w, https:\/\/www.portalalerta.com.br\/wp-content\/uploads\/2021\/01\/Comparativo-Mensal-de-Homic\u00eddios-em-Adustina-2019-e-2020-400x240.jpg 400w, https:\/\/www.portalalerta.com.br\/wp-content\/uploads\/2021\/01\/Comparativo-Mensal-de-Homic\u00eddios-em-Adustina-2019-e-2020-243x146.jpg 243w, https:\/\/www.portalalerta.com.br\/wp-content\/uploads\/2021\/01\/Comparativo-Mensal-de-Homic\u00eddios-em-Adustina-2019-e-2020-50x30.jpg 50w, https:\/\/www.portalalerta.com.br\/wp-content\/uploads\/2021\/01\/Comparativo-Mensal-de-Homic\u00eddios-em-Adustina-2019-e-2020-125x75.jpg 125w, https:\/\/www.portalalerta.com.br\/wp-content\/uploads\/2021\/01\/Comparativo-Mensal-de-Homic\u00eddios-em-Adustina-2019-e-2020-250x150.jpg 250w\" sizes=\"(max-width: 550px) 100vw, 550px\" \/>Reda\u00e7\u00e3o: Portal Alerta<\/em><\/p>\n<p style=\"text-align: justify;\"><strong><em>#fiqueemcasa<\/em><\/strong><\/p>\n<p style=\"text-align: justify;\"><strong><em>#usemascaras<\/em><\/strong><\/p>\n","protected":false},"excerpt":{"rendered":"<p>Em 2020, Adustina-BA registrou tr\u00eas homic\u00eddios. Dois deles foram crimes cometidos contra a mulher, e o outro foi cometido contra um jovem, no Povoado Bela Vista, na noite do natal. \u00a0<\/p>\n","protected":false},"author":2,"featured_media":8522,"comment_status":"open","ping_status":"open","sticky":false,"template":"","format":"standard","meta":{"om_disable_all_campaigns":false,"_monsterinsights_skip_tracking":false,"_monsterinsights_sitenote_active":false,"_monsterinsights_sitenote_note":"","_monsterinsights_sitenote_category":0,"footnotes":""},"categories":[40,69,32,22],"tags":[2069,100,71,48,49,75,45,46,129,107,44,2074,132,230,439,3828,106,203,120,51,109,88,47,111,190],"class_list":["post-32214","post","type-post","status-publish","format-standard","has-post-thumbnail","hentry","category-adustina","category-noticias2","category-regiao","category-seguranca","tag-2069","tag-adustina","tag-antas","tag-araci","tag-banzae","tag-cicero-dantas","tag-cipo","tag-crisopolis","tag-euclides-da-cunha","tag-fatima","tag-heliopolis","tag-homicidios","tag-itapicuru","tag-jeremoabo","tag-mortes","tag-noticias","tag-nova-soure","tag-novo-triunfo","tag-olindina","tag-paripiranga","tag-quijingue","tag-ribeira-do-amparo","tag-ribeira-do-pombal","tag-sitio-do-quinto","tag-tucano"],"aioseo_notices":[],"_links":{"self":[{"href":"https:\/\/www.portalalerta.com.br\/index.php\/wp-json\/wp\/v2\/posts\/32214","targetHints":{"allow":["GET"]}}],"collection":[{"href":"https:\/\/www.portalalerta.com.br\/index.php\/wp-json\/wp\/v2\/posts"}],"about":[{"href":"https:\/\/www.portalalerta.com.br\/index.php\/wp-json\/wp\/v2\/types\/post"}],"author":[{"embeddable":true,"href":"https:\/\/www.portalalerta.com.br\/index.php\/wp-json\/wp\/v2\/users\/2"}],"replies":[{"embeddable":true,"href":"https:\/\/www.portalalerta.com.br\/index.php\/wp-json\/wp\/v2\/comments?post=32214"}],"version-history":[{"count":2,"href":"https:\/\/www.portalalerta.com.br\/index.php\/wp-json\/wp\/v2\/posts\/32214\/revisions"}],"predecessor-version":[{"id":32222,"href":"https:\/\/www.portalalerta.com.br\/index.php\/wp-json\/wp\/v2\/posts\/32214\/revisions\/32222"}],"wp:featuredmedia":[{"embeddable":true,"href":"https:\/\/www.portalalerta.com.br\/index.php\/wp-json\/wp\/v2\/media\/8522"}],"wp:attachment":[{"href":"https:\/\/www.portalalerta.com.br\/index.php\/wp-json\/wp\/v2\/media?parent=32214"}],"wp:term":[{"taxonomy":"category","embeddable":true,"href":"https:\/\/www.portalalerta.com.br\/index.php\/wp-json\/wp\/v2\/categories?post=32214"},{"taxonomy":"post_tag","embeddable":true,"href":"https:\/\/www.portalalerta.com.br\/index.php\/wp-json\/wp\/v2\/tags?post=32214"}],"curies":[{"name":"wp","href":"https:\/\/api.w.org\/{rel}","templated":true}]}}