{"id":32270,"date":"2021-01-26T20:15:31","date_gmt":"2021-01-26T23:15:31","guid":{"rendered":"https:\/\/www.portalalerta.com.br\/?p=32270"},"modified":"2021-01-27T14:06:12","modified_gmt":"2021-01-27T17:06:12","slug":"numero-de-homicidios-em-cicero-dantas-ba-em-2020-cai-9-em-comparacao-ao-ano-anterior","status":"publish","type":"post","link":"https:\/\/www.portalalerta.com.br\/index.php\/2021\/01\/26\/numero-de-homicidios-em-cicero-dantas-ba-em-2020-cai-9-em-comparacao-ao-ano-anterior\/","title":{"rendered":"N\u00famero de Homic\u00eddios em C\u00edcero Dantas-BA em 2020, cai 9% em compara\u00e7\u00e3o ao ano anterior"},"content":{"rendered":"<p style=\"text-align: justify;\">Em 2020, C\u00edcero Dantas-BA registrou dez homic\u00eddios. Atualmente C\u00edcero Dantas \u00e9 habitada por 32.576 pessoas, de acordo com o \u00faltimo levantamento do IBGE. Desta forma, analisando em propor\u00e7\u00e3o, ficou com uma m\u00e9dia de 31 homic\u00eddios para cada 100.000 habitantes.<\/p>\n<p style=\"text-align: justify;\">Janeiro e outubro foram considerados os meses mais violentos, com tr\u00eas homic\u00eddios\/cada.\u00a0\u00a0 Oito destes crimes foram cometidos com arma de fogo, e os demais com faca.<\/p>\n<p style=\"text-align: justify;\">Vale ressaltar que estes dados s\u00e3o baseados em mat\u00e9rias jornal\u00edsticas do site PORTAL ALERTA, n\u00e3o incluindo mortes por interven\u00e7\u00f5es policiais, o que pode ser contestadas pelas autoridades policiais.<\/p>\n<h2 style=\"text-align: justify;\">Confira:<\/h2>\n<p style=\"text-align: justify;\"><a href=\"https:\/\/www.portalalerta.com.br\/index.php\/2020\/01\/27\/jovem-e-atingido-por-facada-e-cicero-dantas-ba-registra-o-primeiro-homicidio-do-ano\/\"><strong>1 \u2013 Jhonata Santos de Santana, 16 anos, em 25\/01\/2020<\/strong><\/a><\/p>\n<p style=\"text-align: justify;\"><strong>Local:<\/strong> Rua da Cascalheira<\/p>\n<p style=\"text-align: justify;\"><strong>Meio Utilizado:<\/strong> Facada<\/p>\n<p style=\"text-align: justify;\"><strong>Poss\u00edvel Motiva\u00e7\u00e3o:<\/strong> Desconhecida<\/p>\n<p style=\"text-align: justify;\">\n<p style=\"text-align: justify;\">\n<p style=\"text-align: justify;\"><a href=\"https:\/\/www.portalalerta.com.br\/index.php\/2020\/02\/01\/cicero-dantas-ba-registra-dois-homicidios-numa-unica-noite\/\"><strong>2 \u2013 A.R de L, 16 anos, em 31\/01\/2020<\/strong><\/a><\/p>\n<p style=\"text-align: justify;\"><strong>Local:<\/strong> BR 110, pr\u00f3ximo ao Motel<\/p>\n<p style=\"text-align: justify;\"><strong>Meio Utilizado:<\/strong> Arma de Fogo<\/p>\n<p style=\"text-align: justify;\"><strong>Poss\u00edvel Motiva\u00e7\u00e3o:<\/strong> Crime Organizado<\/p>\n<p style=\"text-align: justify;\">\n<p style=\"text-align: justify;\"><a href=\"https:\/\/www.portalalerta.com.br\/index.php\/2020\/02\/01\/cicero-dantas-ba-registra-dois-homicidios-numa-unica-noite\/\"><strong>3 \u2013 Jo\u00e3o Domingos Teles dos Santos, 34 anos, em 31\/01\/2020<\/strong><\/a><\/p>\n<p style=\"text-align: justify;\"><strong>Local:<\/strong> Rua da Cor\u00e9ia<\/p>\n<p style=\"text-align: justify;\"><strong>Meio Utilizado:<\/strong> Arma de Fogo<\/p>\n<p style=\"text-align: justify;\"><strong>Poss\u00edvel Motiva\u00e7\u00e3o:<\/strong> Crime Organizado<\/p>\n<p style=\"text-align: justify;\">\n<p style=\"text-align: justify;\"><a href=\"https:\/\/www.portalalerta.com.br\/index.php\/2020\/04\/01\/corpo-de-homem-e-encontrado-com-marcas-de-violencia-em-cicero-dantas-ba\/\"><strong>4 \u2013 Bruno\u00a0Santos da Silva Nunes, 29 anos, em 1\u00ba\/04\/2020<\/strong><\/a><\/p>\n<p style=\"text-align: justify;\"><strong>Local:<\/strong> Av ACM, centro<\/p>\n<p style=\"text-align: justify;\"><strong>Meio Utilizado:<\/strong> Arma de Fogo<\/p>\n<p style=\"text-align: justify;\"><strong>Poss\u00edvel Motiva\u00e7\u00e3o:<\/strong> Desconhecida<\/p>\n<p style=\"text-align: justify;\">\n<p style=\"text-align: justify;\"><a href=\"https:\/\/www.portalalerta.com.br\/index.php\/2020\/04\/30\/jovem-baleado-em-cicero-dantas-ba-morre-no-hospital-geral-santa-tereza-em-ribeira-do-pombal-ba\/\"><strong>5 \u2013 Diogo Santos da Silva, 27 anos, em 29\/04\/2020<\/strong><\/a><\/p>\n<p style=\"text-align: justify;\"><strong>Local:<\/strong> Rua do Cal\u00e7ad\u00e3o<\/p>\n<p style=\"text-align: justify;\"><strong>Meio Utilizado:<\/strong> Arma de Fogo<\/p>\n<p style=\"text-align: justify;\"><strong>Poss\u00edvel Motiva\u00e7\u00e3o:<\/strong> Crime Organizado<\/p>\n<p style=\"text-align: justify;\">\n<p style=\"text-align: justify;\"><a href=\"https:\/\/www.portalalerta.com.br\/index.php\/2020\/05\/05\/jovem-e-assassinado-a-tiros-em-cicero-dantas-ba-2\/\"><strong>6 \u2013 Reginaldo Santos Silva, 22 anos, em 04\/05\/2020<\/strong><\/a><\/p>\n<p style=\"text-align: justify;\"><strong>Local:<\/strong> Rua Guilherme Correia de Souza<\/p>\n<p style=\"text-align: justify;\"><strong>Meio Utilizado:<\/strong> Arma de fogo<\/p>\n<p style=\"text-align: justify;\"><strong>Poss\u00edvel Motiva\u00e7\u00e3o:<\/strong> Desconhecida<\/p>\n<p style=\"text-align: justify;\">\n<p style=\"text-align: justify;\"><a href=\"https:\/\/www.portalalerta.com.br\/index.php\/2020\/09\/28\/homem-e-preso-em-banzae-ba-logo-apos-cometer-feminicidio-em-cicero-dantas-ba\/\"><strong>7 \u2013 Rosilda de Jesus Santos, 22 anos, em 17\/09\/2020<\/strong><\/a><\/p>\n<p style=\"text-align: justify;\"><strong>Local:<\/strong> Rua da Cascalheira<\/p>\n<p style=\"text-align: justify;\"><strong>Meio Utilizado:<\/strong> Facada<\/p>\n<p style=\"text-align: justify;\"><strong>Poss\u00edvel Motiva\u00e7\u00e3o:<\/strong> Passional<\/p>\n<p style=\"text-align: justify;\">\n<p style=\"text-align: justify;\"><a href=\"https:\/\/www.portalalerta.com.br\/index.php\/2020\/10\/07\/homem-nao-resiste-apos-ser-baleado-em-cicero-dantas-ba\/\"><strong>8 \u2013 N\u00e3o identificado, em 03\/10\/2020<\/strong><\/a><\/p>\n<p style=\"text-align: justify;\"><strong>Local:<\/strong> Alto do Golvei\u00e3o<\/p>\n<p style=\"text-align: justify;\"><strong>Meio Utilizado:<\/strong> Arma de fogo<\/p>\n<p style=\"text-align: justify;\"><strong>Poss\u00edvel Motiva\u00e7\u00e3o:<\/strong> Desconhecida<\/p>\n<p style=\"text-align: justify;\">\n<p style=\"text-align: justify;\"><a href=\"https:\/\/www.portalalerta.com.br\/index.php\/2020\/10\/11\/jovem-e-assassinado-a-tiros-em-cicero-dantas-ba-3\/\"><strong>9 \u2013 Maciel Francisco Ara\u00fajo Nascimento, 24 anos, em 10\/10\/2021<\/strong><\/a><\/p>\n<p style=\"text-align: justify;\"><strong>Local:<\/strong> Av. ACM, centro<\/p>\n<p style=\"text-align: justify;\"><strong>Meio Utilizado:<\/strong> Arma de fogo<\/p>\n<p style=\"text-align: justify;\"><strong>Poss\u00edvel Motiva\u00e7\u00e3o:<\/strong> Crime Organizado<\/p>\n<p style=\"text-align: justify;\">\n<p style=\"text-align: justify;\"><a href=\"https:\/\/www.portalalerta.com.br\/index.php\/2020\/10\/26\/homem-e-assassinado-a-tiros-no-centro-de-cicero-dantas-ba\/\"><strong>10 \u2013 Jos\u00e9 Leandro dos Santos Soares, 28 anos, em 24\/10\/2020<\/strong><\/a><\/p>\n<p style=\"text-align: justify;\"><strong>Local:<\/strong> Rua Santa In\u00eas<\/p>\n<p style=\"text-align: justify;\"><strong>Meio Utilizado:<\/strong> Arma de fogo<\/p>\n<p style=\"text-align: justify;\"><strong>Poss\u00edvel Motiva\u00e7\u00e3o:<\/strong> Desconhecida<\/p>\n<p style=\"text-align: justify;\">\n<h2 style=\"text-align: justify;\">Veja o Comparativo Mensal entre os anos 2019 e 2020:<\/h2>\n<p style=\"text-align: justify;\"><em><img fetchpriority=\"high\" decoding=\"async\" class=\"aligncenter wp-image-32271 size-full\" src=\"https:\/\/www.portalalerta.com.br\/wp-content\/uploads\/2021\/01\/Comparativo-Mensal-de-Homic\u00eddios-em-C\u00edcero-Dantas-2019-e-2020.jpg\" alt=\"\" width=\"530\" height=\"320\" srcset=\"https:\/\/www.portalalerta.com.br\/wp-content\/uploads\/2021\/01\/Comparativo-Mensal-de-Homic\u00eddios-em-C\u00edcero-Dantas-2019-e-2020.jpg 530w, https:\/\/www.portalalerta.com.br\/wp-content\/uploads\/2021\/01\/Comparativo-Mensal-de-Homic\u00eddios-em-C\u00edcero-Dantas-2019-e-2020-398x240.jpg 398w, https:\/\/www.portalalerta.com.br\/wp-content\/uploads\/2021\/01\/Comparativo-Mensal-de-Homic\u00eddios-em-C\u00edcero-Dantas-2019-e-2020-242x146.jpg 242w, https:\/\/www.portalalerta.com.br\/wp-content\/uploads\/2021\/01\/Comparativo-Mensal-de-Homic\u00eddios-em-C\u00edcero-Dantas-2019-e-2020-50x30.jpg 50w, https:\/\/www.portalalerta.com.br\/wp-content\/uploads\/2021\/01\/Comparativo-Mensal-de-Homic\u00eddios-em-C\u00edcero-Dantas-2019-e-2020-124x75.jpg 124w, https:\/\/www.portalalerta.com.br\/wp-content\/uploads\/2021\/01\/Comparativo-Mensal-de-Homic\u00eddios-em-C\u00edcero-Dantas-2019-e-2020-250x150.jpg 250w\" sizes=\"(max-width: 530px) 100vw, 530px\" \/>Reda\u00e7\u00e3o: Portal Alerta<\/em><\/p>\n<p style=\"text-align: justify;\"><strong><em>#fiqueemcasa<\/em><\/strong><\/p>\n<p style=\"text-align: justify;\"><strong><em>#usemascaras <\/em><\/strong><\/p>\n","protected":false},"excerpt":{"rendered":"<p>Em 2020, C\u00edcero Dantas-BA registrou dez homic\u00eddios. Atualmente C\u00edcero Dantas \u00e9 habitada por 32.576 pessoas, de acordo com o \u00faltimo levantamento do IBGE. Desta forma, analisando em propor\u00e7\u00e3o, ficou com uma m\u00e9dia de 31 homic\u00eddios para cada 100.000 habitantes. Janeiro e outubro foram considerados os meses mais violentos, com tr\u00eas homic\u00eddios\/cada.\u00a0\u00a0 Oito destes crimes foram &hellip;<\/p>\n","protected":false},"author":2,"featured_media":19760,"comment_status":"open","ping_status":"open","sticky":false,"template":"","format":"standard","meta":{"om_disable_all_campaigns":false,"_monsterinsights_skip_tracking":false,"_monsterinsights_sitenote_active":false,"_monsterinsights_sitenote_note":"","_monsterinsights_sitenote_category":0,"footnotes":""},"categories":[4,70,69,32,22],"tags":[1887,2069,100,71,48,49,75,45,46,129,107,44,2074,132,230,3828,106,203,120,51,109,88,47,111,190],"class_list":["post-32270","post","type-post","status-publish","format-standard","has-post-thumbnail","hentry","category-cicero-dantas","category-destaques","category-noticias2","category-regiao","category-seguranca","tag-1887","tag-2069","tag-adustina","tag-antas","tag-araci","tag-banzae","tag-cicero-dantas","tag-cipo","tag-crisopolis","tag-euclides-da-cunha","tag-fatima","tag-heliopolis","tag-homicidios","tag-itapicuru","tag-jeremoabo","tag-noticias","tag-nova-soure","tag-novo-triunfo","tag-olindina","tag-paripiranga","tag-quijingue","tag-ribeira-do-amparo","tag-ribeira-do-pombal","tag-sitio-do-quinto","tag-tucano"],"aioseo_notices":[],"_links":{"self":[{"href":"https:\/\/www.portalalerta.com.br\/index.php\/wp-json\/wp\/v2\/posts\/32270","targetHints":{"allow":["GET"]}}],"collection":[{"href":"https:\/\/www.portalalerta.com.br\/index.php\/wp-json\/wp\/v2\/posts"}],"about":[{"href":"https:\/\/www.portalalerta.com.br\/index.php\/wp-json\/wp\/v2\/types\/post"}],"author":[{"embeddable":true,"href":"https:\/\/www.portalalerta.com.br\/index.php\/wp-json\/wp\/v2\/users\/2"}],"replies":[{"embeddable":true,"href":"https:\/\/www.portalalerta.com.br\/index.php\/wp-json\/wp\/v2\/comments?post=32270"}],"version-history":[{"count":2,"href":"https:\/\/www.portalalerta.com.br\/index.php\/wp-json\/wp\/v2\/posts\/32270\/revisions"}],"predecessor-version":[{"id":32280,"href":"https:\/\/www.portalalerta.com.br\/index.php\/wp-json\/wp\/v2\/posts\/32270\/revisions\/32280"}],"wp:featuredmedia":[{"embeddable":true,"href":"https:\/\/www.portalalerta.com.br\/index.php\/wp-json\/wp\/v2\/media\/19760"}],"wp:attachment":[{"href":"https:\/\/www.portalalerta.com.br\/index.php\/wp-json\/wp\/v2\/media?parent=32270"}],"wp:term":[{"taxonomy":"category","embeddable":true,"href":"https:\/\/www.portalalerta.com.br\/index.php\/wp-json\/wp\/v2\/categories?post=32270"},{"taxonomy":"post_tag","embeddable":true,"href":"https:\/\/www.portalalerta.com.br\/index.php\/wp-json\/wp\/v2\/tags?post=32270"}],"curies":[{"name":"wp","href":"https:\/\/api.w.org\/{rel}","templated":true}]}}