{"id":32363,"date":"2021-01-28T21:15:02","date_gmt":"2021-01-29T00:15:02","guid":{"rendered":"https:\/\/www.portalalerta.com.br\/?p=32363"},"modified":"2021-01-28T21:15:04","modified_gmt":"2021-01-29T00:15:04","slug":"euclides-da-cunha-ba-reduz-em-69-o-numero-de-homicidios-em-2020-em-comparacao-a-2019","status":"publish","type":"post","link":"https:\/\/www.portalalerta.com.br\/index.php\/2021\/01\/28\/euclides-da-cunha-ba-reduz-em-69-o-numero-de-homicidios-em-2020-em-comparacao-a-2019\/","title":{"rendered":"Euclides da Cunha-BA reduz em 69% o n\u00famero de homic\u00eddios em 2020, em compara\u00e7\u00e3o a 2019"},"content":{"rendered":"\n<p>Em 2020, Euclides da Cunha-BA registrou quatro homic\u00eddios, 09 a menos que em 2019, diminuindo em 69% os crimes entre 2019 e 2020.<\/p>\n\n\n\n<!--more-->\n\n\n\n<p>Atualmente Euclides da Cunha \u00e9 habitada por 60.585 pessoas, de acordo com o \u00faltimo levantamento do IBGE. Desta forma, analisando em propor\u00e7\u00e3o, ficou com uma m\u00e9dia de 07 homic\u00eddios para cada 100.000 habitantes.<\/p>\n\n\n\n<p>Vale ressaltar que estes dados s\u00e3o baseados em mat\u00e9rias jornal\u00edsticas do site PORTAL ALERTA, bem como da Secretaria de Seguran\u00e7a P\u00fablica da Bahia.<\/p>\n\n\n\n<p><em>Reda\u00e7\u00e3o: Portal Alerta<\/em><\/p>\n\n\n\n<p><em><strong>#fiqueemcasa<\/strong><\/em><\/p>\n\n\n\n<p><em><strong>#usemascaras<\/strong><\/em><\/p>\n","protected":false},"excerpt":{"rendered":"<p>Em 2020, Euclides da Cunha-BA registrou quatro homic\u00eddios, 09 a menos que em 2019, diminuindo em 69% os crimes entre 2019 e 2020.<\/p>\n","protected":false},"author":2,"featured_media":24808,"comment_status":"open","ping_status":"open","sticky":false,"template":"","format":"standard","meta":{"om_disable_all_campaigns":false,"_monsterinsights_skip_tracking":false,"_monsterinsights_sitenote_active":false,"_monsterinsights_sitenote_note":"","_monsterinsights_sitenote_category":0,"footnotes":""},"categories":[17,69,32,22],"tags":[1887,2069,2074,439],"class_list":["post-32363","post","type-post","status-publish","format-standard","has-post-thumbnail","hentry","category-euclides-da-cunha","category-noticias2","category-regiao","category-seguranca","tag-1887","tag-2069","tag-homicidios","tag-mortes"],"aioseo_notices":[],"_links":{"self":[{"href":"https:\/\/www.portalalerta.com.br\/index.php\/wp-json\/wp\/v2\/posts\/32363","targetHints":{"allow":["GET"]}}],"collection":[{"href":"https:\/\/www.portalalerta.com.br\/index.php\/wp-json\/wp\/v2\/posts"}],"about":[{"href":"https:\/\/www.portalalerta.com.br\/index.php\/wp-json\/wp\/v2\/types\/post"}],"author":[{"embeddable":true,"href":"https:\/\/www.portalalerta.com.br\/index.php\/wp-json\/wp\/v2\/users\/2"}],"replies":[{"embeddable":true,"href":"https:\/\/www.portalalerta.com.br\/index.php\/wp-json\/wp\/v2\/comments?post=32363"}],"version-history":[{"count":1,"href":"https:\/\/www.portalalerta.com.br\/index.php\/wp-json\/wp\/v2\/posts\/32363\/revisions"}],"predecessor-version":[{"id":32364,"href":"https:\/\/www.portalalerta.com.br\/index.php\/wp-json\/wp\/v2\/posts\/32363\/revisions\/32364"}],"wp:featuredmedia":[{"embeddable":true,"href":"https:\/\/www.portalalerta.com.br\/index.php\/wp-json\/wp\/v2\/media\/24808"}],"wp:attachment":[{"href":"https:\/\/www.portalalerta.com.br\/index.php\/wp-json\/wp\/v2\/media?parent=32363"}],"wp:term":[{"taxonomy":"category","embeddable":true,"href":"https:\/\/www.portalalerta.com.br\/index.php\/wp-json\/wp\/v2\/categories?post=32363"},{"taxonomy":"post_tag","embeddable":true,"href":"https:\/\/www.portalalerta.com.br\/index.php\/wp-json\/wp\/v2\/tags?post=32363"}],"curies":[{"name":"wp","href":"https:\/\/api.w.org\/{rel}","templated":true}]}}