{"id":32477,"date":"2021-01-31T09:03:00","date_gmt":"2021-01-31T12:03:00","guid":{"rendered":"https:\/\/www.portalalerta.com.br\/?p=32477"},"modified":"2021-01-30T17:58:57","modified_gmt":"2021-01-30T20:58:57","slug":"se-quiser-escolher-ministro-se-candidate-em-2022-diz-bolsonaro-apos-fala-de-mourao","status":"publish","type":"post","link":"https:\/\/www.portalalerta.com.br\/index.php\/2021\/01\/31\/se-quiser-escolher-ministro-se-candidate-em-2022-diz-bolsonaro-apos-fala-de-mourao\/","title":{"rendered":"Se quiser escolher ministro, se candidate em 2022, diz Bolsonaro ap\u00f3s fala de Mour\u00e3o"},"content":{"rendered":"\n<p>Em recado direto ao vice-presidente Hamilton Mour\u00e3o, o presidente Jair Bolsonaro (sem partido) afirmou nesta quinta-feira (28) que cabe a ele escolher e demitir ministros, chamou seu vice de palpiteiro e disse que quem quiser escolher os membros do primeiro escal\u00e3o do governo deve se candidatar nas pr\u00f3ximas elei\u00e7\u00f5es presidenciais.<\/p>\n\n\n\n<!--more-->\n\n\n\n<div class=\"wp-block-image\"><figure class=\"aligncenter size-large\"><img fetchpriority=\"high\" decoding=\"async\" width=\"720\" height=\"181\" src=\"https:\/\/www.portalalerta.com.br\/wp-content\/uploads\/2018\/02\/Auto-Escola-Nobre.jpg\" alt=\"\" class=\"wp-image-4869\" srcset=\"https:\/\/www.portalalerta.com.br\/wp-content\/uploads\/2018\/02\/Auto-Escola-Nobre.jpg 720w, https:\/\/www.portalalerta.com.br\/wp-content\/uploads\/2018\/02\/Auto-Escola-Nobre-260x65.jpg 260w, https:\/\/www.portalalerta.com.br\/wp-content\/uploads\/2018\/02\/Auto-Escola-Nobre-50x13.jpg 50w, https:\/\/www.portalalerta.com.br\/wp-content\/uploads\/2018\/02\/Auto-Escola-Nobre-150x38.jpg 150w\" sizes=\"(max-width: 720px) 100vw, 720px\" \/><\/figure><\/div>\n\n\n\n<p>As declara\u00e7\u00f5es foram dadas um dia ap\u00f3s Mour\u00e3o ter sinalizado a demiss\u00e3o de Ernesto Ara\u00fajo, ministro das Rela\u00e7\u00f5es Exteriores. Ao chegar ao Pal\u00e1cio do Alvorada, no final da tarde, Bolsonaro foi questionado sobre as declara\u00e7\u00f5es de Mour\u00e3o. Inicialmente, o presidente afirmou que n\u00e3o iria comentar o assunto, ironizando ao dizer que n\u00e3o sabia nada sobre trocas de ministros e que as perguntas deveriam ser destinadas a Mour\u00e3o.<\/p>\n\n\n\n<p>Ap\u00f3s uma ora\u00e7\u00e3o com os apoiadores, no entanto, mudou de opini\u00e3o. Come\u00e7ou atacando a imprensa, por \u201csemear disc\u00f3rdia\u201d ao noticiar poss\u00edveis mudan\u00e7as de ministros e completou em seguida que a situa\u00e7\u00e3o se agrava quando membros do governo tamb\u00e9m aventam essas possibilidades. \u201cEu lamento que gente do pr\u00f3prio governo agora passe a dar palpites no tocante \u00e0 troca de ministros. O governo vai indo bem, apesar dos problemas que n\u00f3s temos, e estou falando da pandemia que realmente deu uma atrapalhada em quase tudo\u201d, afirmou o presidente. \u201cO que n\u00f3s menos precisamos \u00e9 de palpiteiros no tocante \u00e0 forma\u00e7\u00e3o do meu minist\u00e9rio. Deixo bem claro que todos os 23 ministros sou eu que escolho e mais ningu\u00e9m. Ponto final. Se algu\u00e9m quiser escolher ministro, se candidate em 2022 e boa sorte em 23\u201d, completou. Nesta quinta-feira, o presidente j\u00e1 havia feito um agrado ao seu chanceler, que o acompanhou em viagem ao nordeste.<\/p>\n\n\n\n<p><em>Fonte: A Voz do Campo<\/em><\/p>\n","protected":false},"excerpt":{"rendered":"<p>Em recado direto ao vice-presidente Hamilton Mour\u00e3o, o presidente Jair Bolsonaro (sem partido) afirmou nesta quinta-feira (28) que cabe a ele escolher e demitir ministros, chamou seu vice de palpiteiro e disse que quem quiser escolher os membros do primeiro escal\u00e3o do governo deve se candidatar nas pr\u00f3ximas elei\u00e7\u00f5es presidenciais.<\/p>\n","protected":false},"author":2,"featured_media":13241,"comment_status":"open","ping_status":"open","sticky":false,"template":"","format":"standard","meta":{"om_disable_all_campaigns":false,"_monsterinsights_skip_tracking":false,"_monsterinsights_sitenote_active":false,"_monsterinsights_sitenote_note":"","_monsterinsights_sitenote_category":0,"footnotes":""},"categories":[34,70,69,21],"tags":[3483,93,517,1719,1395,561,1152,2067],"class_list":["post-32477","post","type-post","status-publish","format-standard","has-post-thumbnail","hentry","category-brasil","category-destaques","category-noticias2","category-politica","tag-augusto-heleno","tag-brasil","tag-exoneracao","tag-general-mourao","tag-jair-bolsonaro","tag-ministro","tag-presidente-da-republica","tag-vice-presidente"],"aioseo_notices":[],"_links":{"self":[{"href":"https:\/\/www.portalalerta.com.br\/index.php\/wp-json\/wp\/v2\/posts\/32477","targetHints":{"allow":["GET"]}}],"collection":[{"href":"https:\/\/www.portalalerta.com.br\/index.php\/wp-json\/wp\/v2\/posts"}],"about":[{"href":"https:\/\/www.portalalerta.com.br\/index.php\/wp-json\/wp\/v2\/types\/post"}],"author":[{"embeddable":true,"href":"https:\/\/www.portalalerta.com.br\/index.php\/wp-json\/wp\/v2\/users\/2"}],"replies":[{"embeddable":true,"href":"https:\/\/www.portalalerta.com.br\/index.php\/wp-json\/wp\/v2\/comments?post=32477"}],"version-history":[{"count":1,"href":"https:\/\/www.portalalerta.com.br\/index.php\/wp-json\/wp\/v2\/posts\/32477\/revisions"}],"predecessor-version":[{"id":32478,"href":"https:\/\/www.portalalerta.com.br\/index.php\/wp-json\/wp\/v2\/posts\/32477\/revisions\/32478"}],"wp:featuredmedia":[{"embeddable":true,"href":"https:\/\/www.portalalerta.com.br\/index.php\/wp-json\/wp\/v2\/media\/13241"}],"wp:attachment":[{"href":"https:\/\/www.portalalerta.com.br\/index.php\/wp-json\/wp\/v2\/media?parent=32477"}],"wp:term":[{"taxonomy":"category","embeddable":true,"href":"https:\/\/www.portalalerta.com.br\/index.php\/wp-json\/wp\/v2\/categories?post=32477"},{"taxonomy":"post_tag","embeddable":true,"href":"https:\/\/www.portalalerta.com.br\/index.php\/wp-json\/wp\/v2\/tags?post=32477"}],"curies":[{"name":"wp","href":"https:\/\/api.w.org\/{rel}","templated":true}]}}