{"id":32486,"date":"2021-01-31T18:01:00","date_gmt":"2021-01-31T21:01:00","guid":{"rendered":"https:\/\/www.portalalerta.com.br\/?p=32486"},"modified":"2021-01-31T13:01:28","modified_gmt":"2021-01-31T16:01:28","slug":"mourao-demite-assessor-apos-vazamento-de-mensagem-que-sugeria-impeachment-de-bolsonaro","status":"publish","type":"post","link":"https:\/\/www.portalalerta.com.br\/index.php\/2021\/01\/31\/mourao-demite-assessor-apos-vazamento-de-mensagem-que-sugeria-impeachment-de-bolsonaro\/","title":{"rendered":"Mour\u00e3o demite assessor ap\u00f3s vazamento de mensagem que sugeria impeachment de Bolsonaro"},"content":{"rendered":"\n<p>O vice-presidente da Rep\u00fablica, Hamilton Mour\u00e3o, demitiu um assessor ap\u00f3s o vazamento das mensagens divulgadas pelo site O Antagonista onde os dois discutiam um poss\u00edvel impeachment do presidente Jair Bolsonaro.<\/p>\n\n\n\n<!--more-->\n\n\n\n<p>Na conversa, o assessor, Ricardo Roesch, revelou que teria procurado um deputado federal para conversar sobre a hip\u00f3tese de Mour\u00e3o assumir a presid\u00eancia no lugar de Bolsonaro. O deputado em quest\u00e3o n\u00e3o teve a identidade revelada. A exonera\u00e7\u00e3o de Roesch foi publicada no Di\u00e1rio Oficial da Uni\u00e3o na \u00faltima sexta-feira, 29.<\/p>\n\n\n\n<div class=\"wp-block-image\"><figure class=\"alignleft size-large is-resized\"><img fetchpriority=\"high\" decoding=\"async\" src=\"https:\/\/www.portalalerta.com.br\/wp-content\/uploads\/2018\/07\/05elab.jpg\" alt=\"\" class=\"wp-image-9394\" width=\"331\" height=\"248\" srcset=\"https:\/\/www.portalalerta.com.br\/wp-content\/uploads\/2018\/07\/05elab.jpg 400w, https:\/\/www.portalalerta.com.br\/wp-content\/uploads\/2018\/07\/05elab-320x240.jpg 320w, https:\/\/www.portalalerta.com.br\/wp-content\/uploads\/2018\/07\/05elab-195x146.jpg 195w, https:\/\/www.portalalerta.com.br\/wp-content\/uploads\/2018\/07\/05elab-50x38.jpg 50w, https:\/\/www.portalalerta.com.br\/wp-content\/uploads\/2018\/07\/05elab-100x75.jpg 100w\" sizes=\"(max-width: 331px) 100vw, 331px\" \/><\/figure><\/div>\n\n\n\n<p>Em entrevista na \u00faltima quinta-feira, 28, Mour\u00e3o lamentou o epis\u00f3dio. &#8220;Foi uma situa\u00e7\u00e3o lament\u00e1vel. N\u00famero um, primeiro lugar porque eu n\u00e3o concordo com o processo de impeachment, n\u00e3o apoio isso a\u00ed, acabou. A partir da\u00ed a pessoa que tinha um cargo de confian\u00e7a perde a confian\u00e7a para exercer esse cargo. Lamento isso a\u00ed&#8221;, afirmou.<\/p>\n\n\n\n<p>A rela\u00e7\u00e3o do vice-presidente com Bolsonaro tem estado estremecida nos \u00faltimos meses com muitas rusgas sendo tratadas de forma p\u00fablica.\u00a0Nesta semana, ap\u00f3s Mour\u00e3o sugerir a sa\u00edda do ministro de Rela\u00e7\u00f5es Exteriores, Ernesto Ara\u00fajo, Bolsonaro chamou o vice de &#8216;palpiteiro&#8217; e afirmou que se ele quisesse escolher ministro,\u00a0<a href=\"https:\/\/www.portalalerta.com.br\/index.php\/2021\/01\/31\/se-quiser-escolher-ministro-se-candidate-em-2022-diz-bolsonaro-apos-fala-de-mourao\/\"><strong>que se candidatasse nas pr\u00f3ximas elei\u00e7\u00f5es<\/strong><\/a>.<\/p>\n\n\n\n<p><em>Fonte: A Tarde<\/em><\/p>\n","protected":false},"excerpt":{"rendered":"<p>O vice-presidente da Rep\u00fablica, Hamilton Mour\u00e3o, demitiu um assessor ap\u00f3s o vazamento das mensagens divulgadas pelo site O Antagonista onde os dois discutiam um poss\u00edvel impeachment do presidente Jair Bolsonaro.<\/p>\n","protected":false},"author":2,"featured_media":30753,"comment_status":"open","ping_status":"open","sticky":false,"template":"","format":"standard","meta":{"om_disable_all_campaigns":false,"_monsterinsights_skip_tracking":false,"_monsterinsights_sitenote_active":false,"_monsterinsights_sitenote_note":"","_monsterinsights_sitenote_category":0,"footnotes":""},"categories":[34,70,69,21],"tags":[2030,93,1719,2067],"class_list":["post-32486","post","type-post","status-publish","format-standard","has-post-thumbnail","hentry","category-brasil","category-destaques","category-noticias2","category-politica","tag-assessor","tag-brasil","tag-general-mourao","tag-vice-presidente"],"aioseo_notices":[],"_links":{"self":[{"href":"https:\/\/www.portalalerta.com.br\/index.php\/wp-json\/wp\/v2\/posts\/32486","targetHints":{"allow":["GET"]}}],"collection":[{"href":"https:\/\/www.portalalerta.com.br\/index.php\/wp-json\/wp\/v2\/posts"}],"about":[{"href":"https:\/\/www.portalalerta.com.br\/index.php\/wp-json\/wp\/v2\/types\/post"}],"author":[{"embeddable":true,"href":"https:\/\/www.portalalerta.com.br\/index.php\/wp-json\/wp\/v2\/users\/2"}],"replies":[{"embeddable":true,"href":"https:\/\/www.portalalerta.com.br\/index.php\/wp-json\/wp\/v2\/comments?post=32486"}],"version-history":[{"count":1,"href":"https:\/\/www.portalalerta.com.br\/index.php\/wp-json\/wp\/v2\/posts\/32486\/revisions"}],"predecessor-version":[{"id":32487,"href":"https:\/\/www.portalalerta.com.br\/index.php\/wp-json\/wp\/v2\/posts\/32486\/revisions\/32487"}],"wp:featuredmedia":[{"embeddable":true,"href":"https:\/\/www.portalalerta.com.br\/index.php\/wp-json\/wp\/v2\/media\/30753"}],"wp:attachment":[{"href":"https:\/\/www.portalalerta.com.br\/index.php\/wp-json\/wp\/v2\/media?parent=32486"}],"wp:term":[{"taxonomy":"category","embeddable":true,"href":"https:\/\/www.portalalerta.com.br\/index.php\/wp-json\/wp\/v2\/categories?post=32486"},{"taxonomy":"post_tag","embeddable":true,"href":"https:\/\/www.portalalerta.com.br\/index.php\/wp-json\/wp\/v2\/tags?post=32486"}],"curies":[{"name":"wp","href":"https:\/\/api.w.org\/{rel}","templated":true}]}}