{"id":32496,"date":"2021-02-01T07:00:00","date_gmt":"2021-02-01T10:00:00","guid":{"rendered":"https:\/\/www.portalalerta.com.br\/?p=32496"},"modified":"2021-01-31T22:58:33","modified_gmt":"2021-02-01T01:58:33","slug":"postos-de-saude-de-tucano-ba-retomam-as-atividades-nesta-segunda-feira-1o","status":"publish","type":"post","link":"https:\/\/www.portalalerta.com.br\/index.php\/2021\/02\/01\/postos-de-saude-de-tucano-ba-retomam-as-atividades-nesta-segunda-feira-1o\/","title":{"rendered":"Postos de sa\u00fade de Tucano-BA retomam as atividades nesta segunda-feira, 1\u00ba"},"content":{"rendered":"\n<p>A partir desta segunda-feira, 1\u00ba, os Postos de Sa\u00fade da Fam\u00edlia (PSFs) de Tucano-BA voltar\u00e3o a funcionar.<\/p>\n\n\n\n<!--more-->\n\n\n\n<div data-mvc-banner=\"leaderboard\"><\/div><script type=\"text\/javascript\"> (function(storeName) { var b = document.createElement('script'); b.type = 'text\/javascript'; b.async = true; b.src = 'https:\/\/www.magazinevoce.com.br\/js\/banner.js?store='+ storeName; var s = document.getElementsByTagName('script')[0]; s.parentNode.insertBefore(b, s); })('Nvscosta'); <\/script>\n\n\n\n<p>De acordo com a Secret\u00e1ria Municipal de Sa\u00fade, Denise Correia, consultas poder\u00e3o ser agendadas em todos os postos da sede e da zona rural. \u201cAl\u00e9m dos servi\u00e7os j\u00e1 oferecidos, iremos incluir atendimento odontol\u00f3gico no PSF Padre Jos\u00e9 Gumercindo, localizado na sede\u201d, contou. A gestora disse, ainda, que j\u00e1 h\u00e1 planejamento para extens\u00e3o do servi\u00e7o de odontologia \u00e0 outras unidades do munic\u00edpio.<\/p>\n\n\n\n<p>A reabertura dos postos \u00e9 um passo importante para o cuidado da sa\u00fade dos tucanenses. Os PSFs estavam fechados devido ao encerramento de contratos feitos na gest\u00e3o passada, sob alega\u00e7\u00e3o de conten\u00e7\u00e3o de gastos.<\/p>\n\n\n\n<p><em>Fonte: Gil Santos <\/em><\/p>\n\n\n\n<p><em>Com informa\u00e7\u00f5es: SECOM\/ Tucano<\/em><\/p>\n","protected":false},"excerpt":{"rendered":"<p>A partir desta segunda-feira, 1\u00ba, os Postos de Sa\u00fade da Fam\u00edlia (PSFs) de Tucano-BA voltar\u00e3o a funcionar.<\/p>\n","protected":false},"author":2,"featured_media":32497,"comment_status":"open","ping_status":"open","sticky":false,"template":"","format":"standard","meta":{"om_disable_all_campaigns":false,"_monsterinsights_skip_tracking":false,"_monsterinsights_sitenote_active":false,"_monsterinsights_sitenote_note":"","_monsterinsights_sitenote_category":0,"footnotes":""},"categories":[70,69,32,19,12],"tags":[4196,61,4197],"class_list":["post-32496","post","type-post","status-publish","format-standard","has-post-thumbnail","hentry","category-destaques","category-noticias2","category-regiao","category-saude","category-tucano","tag-postos-de-saude","tag-saude","tag-secretaria-municipal-de-saude"],"aioseo_notices":[],"_links":{"self":[{"href":"https:\/\/www.portalalerta.com.br\/index.php\/wp-json\/wp\/v2\/posts\/32496","targetHints":{"allow":["GET"]}}],"collection":[{"href":"https:\/\/www.portalalerta.com.br\/index.php\/wp-json\/wp\/v2\/posts"}],"about":[{"href":"https:\/\/www.portalalerta.com.br\/index.php\/wp-json\/wp\/v2\/types\/post"}],"author":[{"embeddable":true,"href":"https:\/\/www.portalalerta.com.br\/index.php\/wp-json\/wp\/v2\/users\/2"}],"replies":[{"embeddable":true,"href":"https:\/\/www.portalalerta.com.br\/index.php\/wp-json\/wp\/v2\/comments?post=32496"}],"version-history":[{"count":1,"href":"https:\/\/www.portalalerta.com.br\/index.php\/wp-json\/wp\/v2\/posts\/32496\/revisions"}],"predecessor-version":[{"id":32498,"href":"https:\/\/www.portalalerta.com.br\/index.php\/wp-json\/wp\/v2\/posts\/32496\/revisions\/32498"}],"wp:featuredmedia":[{"embeddable":true,"href":"https:\/\/www.portalalerta.com.br\/index.php\/wp-json\/wp\/v2\/media\/32497"}],"wp:attachment":[{"href":"https:\/\/www.portalalerta.com.br\/index.php\/wp-json\/wp\/v2\/media?parent=32496"}],"wp:term":[{"taxonomy":"category","embeddable":true,"href":"https:\/\/www.portalalerta.com.br\/index.php\/wp-json\/wp\/v2\/categories?post=32496"},{"taxonomy":"post_tag","embeddable":true,"href":"https:\/\/www.portalalerta.com.br\/index.php\/wp-json\/wp\/v2\/tags?post=32496"}],"curies":[{"name":"wp","href":"https:\/\/api.w.org\/{rel}","templated":true}]}}