{"id":32503,"date":"2021-02-01T07:03:00","date_gmt":"2021-02-01T10:03:00","guid":{"rendered":"https:\/\/www.portalalerta.com.br\/?p=32503"},"modified":"2021-01-31T23:11:22","modified_gmt":"2021-02-01T02:11:22","slug":"bahia-registra-38-obitos-e-2-148-novos-casos-de-coronavirus-em-24h","status":"publish","type":"post","link":"https:\/\/www.portalalerta.com.br\/index.php\/2021\/02\/01\/bahia-registra-38-obitos-e-2-148-novos-casos-de-coronavirus-em-24h\/","title":{"rendered":"Bahia registra 38 \u00f3bitos e 2.148 novos casos de coronav\u00edrus em 24h"},"content":{"rendered":"\n<p>A Bahia registrou, nas \u00faltimas 24 horas, 2.148 novos casos da Covid-19 e mais 38 \u00f3bitos pela doen\u00e7a, segundo dados divulgados neste domingo (31) pela Secretaria de Sa\u00fade do Estado (Sesab). Desde o in\u00edcio da pandemia, o n\u00famero total de \u00f3bitos por coronav\u00edrus no estado \u00e9 de 10.097.<\/p>\n\n\n\n<!--more-->\n\n\n\n<div class=\"wp-block-image\"><figure class=\"aligncenter size-large\"><img fetchpriority=\"high\" decoding=\"async\" width=\"720\" height=\"181\" src=\"https:\/\/www.portalalerta.com.br\/wp-content\/uploads\/2018\/02\/Auto-Escola-Nobre.jpg\" alt=\"\" class=\"wp-image-4869\" srcset=\"https:\/\/www.portalalerta.com.br\/wp-content\/uploads\/2018\/02\/Auto-Escola-Nobre.jpg 720w, https:\/\/www.portalalerta.com.br\/wp-content\/uploads\/2018\/02\/Auto-Escola-Nobre-260x65.jpg 260w, https:\/\/www.portalalerta.com.br\/wp-content\/uploads\/2018\/02\/Auto-Escola-Nobre-50x13.jpg 50w, https:\/\/www.portalalerta.com.br\/wp-content\/uploads\/2018\/02\/Auto-Escola-Nobre-150x38.jpg 150w\" sizes=\"(max-width: 720px) 100vw, 720px\" \/><\/figure><\/div>\n\n\n\n<p>Dos 588.106 casos confirmados desde o in\u00edcio da pandemia, 565.171 j\u00e1 s\u00e3o considerados recuperados e 12.838 encontram-se ativos. Na Bahia, 40.015 profissionais da sa\u00fade foram diagnosticados com a doen\u00e7a.\u00a0\u00a0<\/p>\n\n\n\n<p>Dos 2.035 leitos dispon\u00edveis para tratamento do coronav\u00edrus, 1.272 possuem pacientes internados. A taxa de ocupa\u00e7\u00e3o de leitos de UTI Covid para adultos no estado \u00e9 de 72%.<\/p>\n\n\n\n<p><em>Fonte: Metro1<\/em><\/p>\n","protected":false},"excerpt":{"rendered":"<p>A Bahia registrou, nas \u00faltimas 24 horas, 2.148 novos casos da Covid-19 e mais 38 \u00f3bitos pela doen\u00e7a, segundo dados divulgados neste domingo (31) pela Secretaria de Sa\u00fade do Estado (Sesab). Desde o in\u00edcio da pandemia, o n\u00famero total de \u00f3bitos por coronav\u00edrus no estado \u00e9 de 10.097.<\/p>\n","protected":false},"author":2,"featured_media":31197,"comment_status":"open","ping_status":"open","sticky":false,"template":"","format":"standard","meta":{"om_disable_all_campaigns":false,"_monsterinsights_skip_tracking":false,"_monsterinsights_sitenote_active":false,"_monsterinsights_sitenote_note":"","_monsterinsights_sitenote_category":0,"footnotes":""},"categories":[33,70,69,19],"tags":[54,3429,3486,3841,3724,439,61],"class_list":["post-32503","post","type-post","status-publish","format-standard","has-post-thumbnail","hentry","category-bahia","category-destaques","category-noticias2","category-saude","tag-bahia","tag-coronavirus","tag-covid-19","tag-curados","tag-infeccao","tag-mortes","tag-saude"],"aioseo_notices":[],"_links":{"self":[{"href":"https:\/\/www.portalalerta.com.br\/index.php\/wp-json\/wp\/v2\/posts\/32503","targetHints":{"allow":["GET"]}}],"collection":[{"href":"https:\/\/www.portalalerta.com.br\/index.php\/wp-json\/wp\/v2\/posts"}],"about":[{"href":"https:\/\/www.portalalerta.com.br\/index.php\/wp-json\/wp\/v2\/types\/post"}],"author":[{"embeddable":true,"href":"https:\/\/www.portalalerta.com.br\/index.php\/wp-json\/wp\/v2\/users\/2"}],"replies":[{"embeddable":true,"href":"https:\/\/www.portalalerta.com.br\/index.php\/wp-json\/wp\/v2\/comments?post=32503"}],"version-history":[{"count":1,"href":"https:\/\/www.portalalerta.com.br\/index.php\/wp-json\/wp\/v2\/posts\/32503\/revisions"}],"predecessor-version":[{"id":32504,"href":"https:\/\/www.portalalerta.com.br\/index.php\/wp-json\/wp\/v2\/posts\/32503\/revisions\/32504"}],"wp:featuredmedia":[{"embeddable":true,"href":"https:\/\/www.portalalerta.com.br\/index.php\/wp-json\/wp\/v2\/media\/31197"}],"wp:attachment":[{"href":"https:\/\/www.portalalerta.com.br\/index.php\/wp-json\/wp\/v2\/media?parent=32503"}],"wp:term":[{"taxonomy":"category","embeddable":true,"href":"https:\/\/www.portalalerta.com.br\/index.php\/wp-json\/wp\/v2\/categories?post=32503"},{"taxonomy":"post_tag","embeddable":true,"href":"https:\/\/www.portalalerta.com.br\/index.php\/wp-json\/wp\/v2\/tags?post=32503"}],"curies":[{"name":"wp","href":"https:\/\/api.w.org\/{rel}","templated":true}]}}