{"id":32505,"date":"2021-02-01T07:01:00","date_gmt":"2021-02-01T10:01:00","guid":{"rendered":"https:\/\/www.portalalerta.com.br\/?p=32505"},"modified":"2021-01-31T23:18:53","modified_gmt":"2021-02-01T02:18:53","slug":"brasil-ultrapassa-9-milhoes-de-casos-de-covid-19-2","status":"publish","type":"post","link":"https:\/\/www.portalalerta.com.br\/index.php\/2021\/02\/01\/brasil-ultrapassa-9-milhoes-de-casos-de-covid-19-2\/","title":{"rendered":"Brasil ultrapassa 9 milh\u00f5es de casos de covid-19"},"content":{"rendered":"\n<p>O Brasil chegou a 9.204.731 casos confirmados de covid-19 desde o in\u00edcio da pandemia, segundo o boletim do Minist\u00e9rio da Sa\u00fade com a situa\u00e7\u00e3o epidemiol\u00f3gica do pa\u00eds no dia de hoje (31). Foram registrados 27.756 novos casos e h\u00e1 8.027.042 recuperados.<\/p>\n\n\n\n<!--more-->\n\n\n\n<p>Segundo o boletim, nas \u00faltimas 24 horas foram registradas 559 novas mortes, totalizando 224.504 \u00f3bitos. H\u00e1 ainda 953.185 casos confirmados.<\/p>\n\n\n\n<p>Em geral, os registros de casos e mortes s\u00e3o menores aos domingos e segundas-feiras em raz\u00e3o da dificuldade de alimenta\u00e7\u00e3o dos dados pelas secretarias de sa\u00fade aos fins de semana. J\u00e1 \u00e0s ter\u00e7as-feiras, os totais tendem a ser maiores pelo ac\u00famulo das informa\u00e7\u00f5es de fim de semana que s\u00e3o enviadas ao Minist\u00e9rio da Sa\u00fade.<\/p>\n\n\n\n<div class=\"wp-block-image\"><figure class=\"alignleft size-large is-resized\"><img fetchpriority=\"high\" decoding=\"async\" src=\"https:\/\/www.portalalerta.com.br\/wp-content\/uploads\/2018\/07\/05elab.jpg\" alt=\"\" class=\"wp-image-9394\" width=\"320\" height=\"240\" srcset=\"https:\/\/www.portalalerta.com.br\/wp-content\/uploads\/2018\/07\/05elab.jpg 400w, https:\/\/www.portalalerta.com.br\/wp-content\/uploads\/2018\/07\/05elab-320x240.jpg 320w, https:\/\/www.portalalerta.com.br\/wp-content\/uploads\/2018\/07\/05elab-195x146.jpg 195w, https:\/\/www.portalalerta.com.br\/wp-content\/uploads\/2018\/07\/05elab-50x38.jpg 50w, https:\/\/www.portalalerta.com.br\/wp-content\/uploads\/2018\/07\/05elab-100x75.jpg 100w\" sizes=\"(max-width: 320px) 100vw, 320px\" \/><\/figure><\/div>\n\n\n\n<p>O estado com maior n\u00famero de casos \u00e9 S\u00e3o Paulo, com 1.777.368 casos. Em seguida aparecem Minas Gerais (734.486), Bahia (588.106), Santa Catarina (576.815) e Paran\u00e1 (549.333). As unidades da Federa\u00e7\u00e3o com menor n\u00famero de casos s\u00e3o Acre (48.467), Roraima (74.115), Amap\u00e1 (77.041) e Tocantins (102.217).<\/p>\n\n\n\n<p>S\u00e3o Paulo tamb\u00e9m lidera no n\u00famero de mortes por covid-19, com 53.034 \u00f3bitos, seguido por Rio de Janeiro (29.811), Minas Gerais (15.060) e Bahia (10.060). Os estados com o menor n\u00famero de mortes s\u00e3o Roraima (856), Acre (867) e Amap\u00e1 (1.059).<\/p>\n\n\n\n<p><em>Fonte: Ag\u00eancia Brasil<\/em><\/p>\n","protected":false},"excerpt":{"rendered":"<p>O Brasil chegou a 9.204.731 casos confirmados de covid-19 desde o in\u00edcio da pandemia, segundo o boletim do Minist\u00e9rio da Sa\u00fade com a situa\u00e7\u00e3o epidemiol\u00f3gica do pa\u00eds no dia de hoje (31). Foram registrados 27.756 novos casos e h\u00e1 8.027.042 recuperados.<\/p>\n","protected":false},"author":2,"featured_media":27911,"comment_status":"open","ping_status":"open","sticky":false,"template":"","format":"standard","meta":{"om_disable_all_campaigns":false,"_monsterinsights_skip_tracking":false,"_monsterinsights_sitenote_active":false,"_monsterinsights_sitenote_note":"","_monsterinsights_sitenote_category":0,"footnotes":""},"categories":[34,70,69,19],"tags":[93,3429,3486,3841,3724,439,61],"class_list":["post-32505","post","type-post","status-publish","format-standard","has-post-thumbnail","hentry","category-brasil","category-destaques","category-noticias2","category-saude","tag-brasil","tag-coronavirus","tag-covid-19","tag-curados","tag-infeccao","tag-mortes","tag-saude"],"aioseo_notices":[],"_links":{"self":[{"href":"https:\/\/www.portalalerta.com.br\/index.php\/wp-json\/wp\/v2\/posts\/32505","targetHints":{"allow":["GET"]}}],"collection":[{"href":"https:\/\/www.portalalerta.com.br\/index.php\/wp-json\/wp\/v2\/posts"}],"about":[{"href":"https:\/\/www.portalalerta.com.br\/index.php\/wp-json\/wp\/v2\/types\/post"}],"author":[{"embeddable":true,"href":"https:\/\/www.portalalerta.com.br\/index.php\/wp-json\/wp\/v2\/users\/2"}],"replies":[{"embeddable":true,"href":"https:\/\/www.portalalerta.com.br\/index.php\/wp-json\/wp\/v2\/comments?post=32505"}],"version-history":[{"count":1,"href":"https:\/\/www.portalalerta.com.br\/index.php\/wp-json\/wp\/v2\/posts\/32505\/revisions"}],"predecessor-version":[{"id":32506,"href":"https:\/\/www.portalalerta.com.br\/index.php\/wp-json\/wp\/v2\/posts\/32505\/revisions\/32506"}],"wp:featuredmedia":[{"embeddable":true,"href":"https:\/\/www.portalalerta.com.br\/index.php\/wp-json\/wp\/v2\/media\/27911"}],"wp:attachment":[{"href":"https:\/\/www.portalalerta.com.br\/index.php\/wp-json\/wp\/v2\/media?parent=32505"}],"wp:term":[{"taxonomy":"category","embeddable":true,"href":"https:\/\/www.portalalerta.com.br\/index.php\/wp-json\/wp\/v2\/categories?post=32505"},{"taxonomy":"post_tag","embeddable":true,"href":"https:\/\/www.portalalerta.com.br\/index.php\/wp-json\/wp\/v2\/tags?post=32505"}],"curies":[{"name":"wp","href":"https:\/\/api.w.org\/{rel}","templated":true}]}}