{"id":32512,"date":"2021-02-01T07:04:00","date_gmt":"2021-02-01T10:04:00","guid":{"rendered":"https:\/\/www.portalalerta.com.br\/?p=32512"},"modified":"2021-01-31T23:33:34","modified_gmt":"2021-02-01T02:33:34","slug":"idosa-de-78-anos-de-idade-e-a-32a-vitima-da-covid-19-em-ribeira-do-pombal-ba","status":"publish","type":"post","link":"https:\/\/www.portalalerta.com.br\/index.php\/2021\/02\/01\/idosa-de-78-anos-de-idade-e-a-32a-vitima-da-covid-19-em-ribeira-do-pombal-ba\/","title":{"rendered":"Idosa de 78 anos de idade, \u00e9 a 32\u00aa v\u00edtima da Covid-19 em Ribeira do Pombal-BA"},"content":{"rendered":"\n<p>O munic\u00edpio de Ribeira do Pombal-BA voltou a registrar mais um \u00f3bito por conta da Covid-19 (Coronav\u00edrus).<\/p>\n\n\n\n<!--more-->\n\n\n\n<div class=\"wp-block-image\"><figure class=\"aligncenter size-large\"><img decoding=\"async\" src=\"https:\/\/www.portalalerta.com.br\/wp-content\/uploads\/2021\/01\/Moda-Ver\u00e3o-Real-Cal\u00e7ados-2021.jpeg\" alt=\"\" class=\"wp-image-31690\"\/><\/figure><\/div>\n\n\n\n<p>De acordo com a Secretaria Municipal de Sa\u00fade, uma idosa de 78 anos de idade, com comorbidades, de entrada no Pronto Atendimento para a Covid-19, do munic\u00edpio, apresentando sintomas da doen\u00e7a. Ap\u00f3s ter o quadro agravado, a mesma foi transferida para uma Unidade Refer\u00eancia, onde evoluiu a \u00f3bito no \u00faltimo s\u00e1bado, 30.<\/p>\n\n\n\n<p>Ribeira do Pombal j\u00e1 teve 1582 pessoas infectadas, sendo que destas, 54 s\u00e3o consideradas ativas (3%), 1.496 foram curadas (95%), e 32 morreram (2%).<\/p>\n\n\n\n<p><a href=\"https:\/\/www.portalalerta.com.br\/index.php\/2020\/05\/26\/saiba-como-esta-a-evolucao-do-covid-19-em-ribeira-do-pombal-ba\/\"><strong>Clique aqui e saiba como est\u00e1 a evolu\u00e7\u00e3o do Covid-19 em Ribeira do Pombal-BA<\/strong><\/a><\/p>\n\n\n\n<p><em>Reda\u00e7\u00e3o: Portal Alerta<\/em><\/p>\n\n\n\n<p><strong><em>#fiqueemcasa&nbsp;&nbsp;&nbsp;&nbsp;<\/em><\/strong><\/p>\n\n\n\n<p><strong><em>#usemascaras<\/em><\/strong><\/p>\n","protected":false},"excerpt":{"rendered":"<p>O munic\u00edpio de Ribeira do Pombal-BA voltou a registrar mais um \u00f3bito por conta da Covid-19 (Coronav\u00edrus).<\/p>\n","protected":false},"author":2,"featured_media":23431,"comment_status":"open","ping_status":"open","sticky":false,"template":"","format":"standard","meta":{"om_disable_all_campaigns":false,"_monsterinsights_skip_tracking":false,"_monsterinsights_sitenote_active":false,"_monsterinsights_sitenote_note":"","_monsterinsights_sitenote_category":0,"footnotes":""},"categories":[70,69,32,3,19],"tags":[3429,3486,3841,3724,439,61],"class_list":["post-32512","post","type-post","status-publish","format-standard","has-post-thumbnail","hentry","category-destaques","category-noticias2","category-regiao","category-ribeira-do-pombal","category-saude","tag-coronavirus","tag-covid-19","tag-curados","tag-infeccao","tag-mortes","tag-saude"],"aioseo_notices":[],"_links":{"self":[{"href":"https:\/\/www.portalalerta.com.br\/index.php\/wp-json\/wp\/v2\/posts\/32512","targetHints":{"allow":["GET"]}}],"collection":[{"href":"https:\/\/www.portalalerta.com.br\/index.php\/wp-json\/wp\/v2\/posts"}],"about":[{"href":"https:\/\/www.portalalerta.com.br\/index.php\/wp-json\/wp\/v2\/types\/post"}],"author":[{"embeddable":true,"href":"https:\/\/www.portalalerta.com.br\/index.php\/wp-json\/wp\/v2\/users\/2"}],"replies":[{"embeddable":true,"href":"https:\/\/www.portalalerta.com.br\/index.php\/wp-json\/wp\/v2\/comments?post=32512"}],"version-history":[{"count":1,"href":"https:\/\/www.portalalerta.com.br\/index.php\/wp-json\/wp\/v2\/posts\/32512\/revisions"}],"predecessor-version":[{"id":32513,"href":"https:\/\/www.portalalerta.com.br\/index.php\/wp-json\/wp\/v2\/posts\/32512\/revisions\/32513"}],"wp:featuredmedia":[{"embeddable":true,"href":"https:\/\/www.portalalerta.com.br\/index.php\/wp-json\/wp\/v2\/media\/23431"}],"wp:attachment":[{"href":"https:\/\/www.portalalerta.com.br\/index.php\/wp-json\/wp\/v2\/media?parent=32512"}],"wp:term":[{"taxonomy":"category","embeddable":true,"href":"https:\/\/www.portalalerta.com.br\/index.php\/wp-json\/wp\/v2\/categories?post=32512"},{"taxonomy":"post_tag","embeddable":true,"href":"https:\/\/www.portalalerta.com.br\/index.php\/wp-json\/wp\/v2\/tags?post=32512"}],"curies":[{"name":"wp","href":"https:\/\/api.w.org\/{rel}","templated":true}]}}