{"id":32517,"date":"2021-02-01T21:14:10","date_gmt":"2021-02-02T00:14:10","guid":{"rendered":"https:\/\/www.portalalerta.com.br\/?p=32517"},"modified":"2021-02-01T21:14:13","modified_gmt":"2021-02-02T00:14:13","slug":"rodrigo-pacheco-e-eleito-presidente-do-senado-com-apoio-de-bolsonaro-e-pt","status":"publish","type":"post","link":"https:\/\/www.portalalerta.com.br\/index.php\/2021\/02\/01\/rodrigo-pacheco-e-eleito-presidente-do-senado-com-apoio-de-bolsonaro-e-pt\/","title":{"rendered":"Rodrigo Pacheco \u00e9 eleito presidente do Senado com apoio de Bolsonaro e PT"},"content":{"rendered":"\n<p>Rodrigo Pacheco (DEM-MG), candidato apoiado pelo presidente Jair Bolsonaro, foi eleito hoje,&nbsp;com 57 dos 78 votos, o novo presidente do Senado. Ele derrotou Simone Tebet (MDB-MS), que teve 21 votos.&nbsp;<\/p>\n\n\n\n<!--more-->\n\n\n\n<p>Advogado de forma\u00e7\u00e3o, Pacheco est\u00e1 no primeiro mandato como senador. Antes, atuou como deputado federal por quatro anos.\u00a0<\/p>\n\n\n\n<div data-mvc-banner=\"leaderboard\"><\/div><script type=\"text\/javascript\"> (function(storeName) { var b = document.createElement('script'); b.type = 'text\/javascript'; b.async = true; b.src = 'https:\/\/www.magazinevoce.com.br\/js\/banner.js?store='+ storeName; var s = document.getElementsByTagName('script')[0]; s.parentNode.insertBefore(b, s); })('Nvscosta'); <\/script>\n\n\n\n<p>Para romper a fama de novato, a articula\u00e7\u00e3o costurada com governistas e oposicionistas por seu antecessor, Davi Alcolumbre (DEM-AP), foi fundamental.&nbsp;<\/p>\n\n\n\n<p>&#8220;Vamos fazer disso uma grande oportunidade, uma grande oportunidade singular de pacifica\u00e7\u00e3o das nossas rela\u00e7\u00f5es pol\u00edticas e institucionais porque \u00e9 isso que a sociedade brasileira espera de n\u00f3s&#8221;, disse Pacheco.<\/p>\n\n\n\n<p><em>Fonte: Metro1<\/em><\/p>\n","protected":false},"excerpt":{"rendered":"<p>Rodrigo Pacheco (DEM-MG), candidato apoiado pelo presidente Jair Bolsonaro, foi eleito hoje,&nbsp;com 57 dos 78 votos, o novo presidente do Senado. Ele derrotou Simone Tebet (MDB-MS), que teve 21 votos.&nbsp;<\/p>\n","protected":false},"author":2,"featured_media":32518,"comment_status":"open","ping_status":"open","sticky":false,"template":"","format":"standard","meta":{"om_disable_all_campaigns":false,"_monsterinsights_skip_tracking":false,"_monsterinsights_sitenote_active":false,"_monsterinsights_sitenote_note":"","_monsterinsights_sitenote_category":0,"footnotes":""},"categories":[34,70,69,21],"tags":[93,381,1759,3492,4199,233],"class_list":["post-32517","post","type-post","status-publish","format-standard","has-post-thumbnail","hentry","category-brasil","category-destaques","category-noticias2","category-politica","tag-brasil","tag-eleicoes","tag-eleito","tag-presidente-do-senado","tag-rodrigo-pacheco","tag-senador"],"aioseo_notices":[],"_links":{"self":[{"href":"https:\/\/www.portalalerta.com.br\/index.php\/wp-json\/wp\/v2\/posts\/32517","targetHints":{"allow":["GET"]}}],"collection":[{"href":"https:\/\/www.portalalerta.com.br\/index.php\/wp-json\/wp\/v2\/posts"}],"about":[{"href":"https:\/\/www.portalalerta.com.br\/index.php\/wp-json\/wp\/v2\/types\/post"}],"author":[{"embeddable":true,"href":"https:\/\/www.portalalerta.com.br\/index.php\/wp-json\/wp\/v2\/users\/2"}],"replies":[{"embeddable":true,"href":"https:\/\/www.portalalerta.com.br\/index.php\/wp-json\/wp\/v2\/comments?post=32517"}],"version-history":[{"count":1,"href":"https:\/\/www.portalalerta.com.br\/index.php\/wp-json\/wp\/v2\/posts\/32517\/revisions"}],"predecessor-version":[{"id":32519,"href":"https:\/\/www.portalalerta.com.br\/index.php\/wp-json\/wp\/v2\/posts\/32517\/revisions\/32519"}],"wp:featuredmedia":[{"embeddable":true,"href":"https:\/\/www.portalalerta.com.br\/index.php\/wp-json\/wp\/v2\/media\/32518"}],"wp:attachment":[{"href":"https:\/\/www.portalalerta.com.br\/index.php\/wp-json\/wp\/v2\/media?parent=32517"}],"wp:term":[{"taxonomy":"category","embeddable":true,"href":"https:\/\/www.portalalerta.com.br\/index.php\/wp-json\/wp\/v2\/categories?post=32517"},{"taxonomy":"post_tag","embeddable":true,"href":"https:\/\/www.portalalerta.com.br\/index.php\/wp-json\/wp\/v2\/tags?post=32517"}],"curies":[{"name":"wp","href":"https:\/\/api.w.org\/{rel}","templated":true}]}}