{"id":32520,"date":"2021-02-01T21:46:52","date_gmt":"2021-02-02T00:46:52","guid":{"rendered":"https:\/\/www.portalalerta.com.br\/?p=32520"},"modified":"2021-02-01T21:46:57","modified_gmt":"2021-02-02T00:46:57","slug":"ribeira-do-amparo-ba-registrou-apenas-dois-homicidios-em-2020","status":"publish","type":"post","link":"https:\/\/www.portalalerta.com.br\/index.php\/2021\/02\/01\/ribeira-do-amparo-ba-registrou-apenas-dois-homicidios-em-2020\/","title":{"rendered":"Ribeira do Amparo-BA registrou apenas dois homic\u00eddios em 2020!"},"content":{"rendered":"\n<p>Em 2020, Ribeira do Amparo-BA registrou dois homic\u00eddios. Nenhum dos crimes teve uso de arma de fogo, sendo que um deles foi \u00e0 facadas, e o outro \u00e0 pauladas.<\/p>\n\n\n\n<!--more-->\n\n\n\n<p>Atualmente Ribeira do Amparo \u00e9 habitada por 14.267 pessoas, de acordo com o \u00faltimo levantamento do IBGE. Desta forma, analisando em propor\u00e7\u00e3o, ficou com uma m\u00e9dia de 14 homic\u00eddios para cada 100.000 habitantes.<\/p>\n\n\n\n<p>Por fim, se concluiu que os meses mais violentos foram mar\u00e7o e junho, com 01 homic\u00eddio\/cada. Assim como em 2018, todos os crimes desta natureza, foram cometidos na Zona Rural. &nbsp;<\/p>\n\n\n\n<p>Vale ressaltar que estes dados s\u00e3o baseados em mat\u00e9rias jornal\u00edsticas do site PORTAL ALERTA, n\u00e3o incluindo mortes por interven\u00e7\u00f5es policiais, o que pode ser contestadas pelas autoridades policiais.<\/p>\n\n\n\n<p><strong>Confira o Mapa:<\/strong><\/p>\n\n\n\n<p><strong>1 \u2013 Domingos de Jesus, 77 anos, em 06\/03\/2020<\/strong><\/p>\n\n\n\n<p><strong>Local:<\/strong> Povoado da Maria Preta<\/p>\n\n\n\n<p><strong>Meio Utilizado: <\/strong>Faca<\/p>\n\n\n\n<p><strong>Poss\u00edvel Motiva\u00e7\u00e3o: <\/strong>Desconhecida<\/p>\n\n\n\n<p><\/p>\n\n\n\n<p><strong>2 \u2013 Thiago Silva Santos, 21 anos, em 26\/06\/2020<\/strong><\/p>\n\n\n\n<p><strong>Local: <\/strong>Povoado Pinto I<\/p>\n\n\n\n<p><strong>Meio Utilizado: <\/strong>Paulada<\/p>\n\n\n\n<p><strong>Poss\u00edvel Motiva\u00e7\u00e3o: <\/strong>Crime Organizado<\/p>\n\n\n\n<p><\/p>\n\n\n\n<p><em>Reda\u00e7\u00e3o: Portal Alerta<\/em><\/p>\n\n\n\n<p><em><strong>#fiqueemcasa<\/strong><\/em><\/p>\n\n\n\n<p><em><strong>#usemascaras<\/strong><\/em><strong><\/strong><\/p>\n","protected":false},"excerpt":{"rendered":"<p>Em 2020, Ribeira do Amparo-BA registrou dois homic\u00eddios. Nenhum dos crimes teve uso de arma de fogo, sendo que um deles foi \u00e0 facadas, e o outro \u00e0 pauladas.<\/p>\n","protected":false},"author":2,"featured_media":5772,"comment_status":"open","ping_status":"open","sticky":false,"template":"","format":"standard","meta":{"om_disable_all_campaigns":false,"_monsterinsights_skip_tracking":false,"_monsterinsights_sitenote_active":false,"_monsterinsights_sitenote_note":"","_monsterinsights_sitenote_category":0,"footnotes":""},"categories":[69,32,16,22],"tags":[1887,2069,2074,439],"class_list":["post-32520","post","type-post","status-publish","format-standard","has-post-thumbnail","hentry","category-noticias2","category-regiao","category-ribeira-do-amparo","category-seguranca","tag-1887","tag-2069","tag-homicidios","tag-mortes"],"aioseo_notices":[],"_links":{"self":[{"href":"https:\/\/www.portalalerta.com.br\/index.php\/wp-json\/wp\/v2\/posts\/32520","targetHints":{"allow":["GET"]}}],"collection":[{"href":"https:\/\/www.portalalerta.com.br\/index.php\/wp-json\/wp\/v2\/posts"}],"about":[{"href":"https:\/\/www.portalalerta.com.br\/index.php\/wp-json\/wp\/v2\/types\/post"}],"author":[{"embeddable":true,"href":"https:\/\/www.portalalerta.com.br\/index.php\/wp-json\/wp\/v2\/users\/2"}],"replies":[{"embeddable":true,"href":"https:\/\/www.portalalerta.com.br\/index.php\/wp-json\/wp\/v2\/comments?post=32520"}],"version-history":[{"count":1,"href":"https:\/\/www.portalalerta.com.br\/index.php\/wp-json\/wp\/v2\/posts\/32520\/revisions"}],"predecessor-version":[{"id":32521,"href":"https:\/\/www.portalalerta.com.br\/index.php\/wp-json\/wp\/v2\/posts\/32520\/revisions\/32521"}],"wp:featuredmedia":[{"embeddable":true,"href":"https:\/\/www.portalalerta.com.br\/index.php\/wp-json\/wp\/v2\/media\/5772"}],"wp:attachment":[{"href":"https:\/\/www.portalalerta.com.br\/index.php\/wp-json\/wp\/v2\/media?parent=32520"}],"wp:term":[{"taxonomy":"category","embeddable":true,"href":"https:\/\/www.portalalerta.com.br\/index.php\/wp-json\/wp\/v2\/categories?post=32520"},{"taxonomy":"post_tag","embeddable":true,"href":"https:\/\/www.portalalerta.com.br\/index.php\/wp-json\/wp\/v2\/tags?post=32520"}],"curies":[{"name":"wp","href":"https:\/\/api.w.org\/{rel}","templated":true}]}}